{"id":441,"date":"2021-05-24T14:53:25","date_gmt":"2021-05-24T11:53:25","guid":{"rendered":"http:\/\/radarmedia.ro\/?p=441"},"modified":"2021-05-24T19:44:46","modified_gmt":"2021-05-24T16:44:46","slug":"barbat-de-66-ani-arestat-pentru-racolare-de-minori-si-agresiune-sexiala","status":"publish","type":"post","link":"https:\/\/radarmedia.ro\/index.php\/2021\/05\/24\/barbat-de-66-ani-arestat-pentru-racolare-de-minori-si-agresiune-sexiala\/","title":{"rendered":"B\u0103rbat de 66 ani, arestat pentru racolare de minori \u0219i agresiune sexual\u0103"},"content":{"rendered":"<p>Un b\u0103rbat de 66 de ani, din comuna F\u0103rc\u0103\u0219e\u0219ti, dat \u00een urm\u0103rire la nivel na\u021bional, a fost prins de poli\u021bi\u0219tii criminali\u0219ti, duminic\u0103. B\u0103rbatul era c\u0103utat pentru racolare de minori \u0219i agresiune sexual\u0103.\u00a0&#8222;La data de 23 mai a.c., poli\u021bi\u0219ti din cadrul Serviciului de Investiga\u021bii Criminale, \u00een baza informa\u021biilor de\u021binute, au depistat pe raza municipiul T\u00e2rgu Jiu, un b\u0103rbat de 66 de ani, din comuna F\u0103rc\u0103\u0219e\u0219ti, persoan\u0103 urm\u0103rit\u0103 la nivel na\u021bional \u00eentruc\u00e2t se sustr\u0103gea de la executarea unui mandat de arestare preventiv\u0103 emis de Judec\u0103toria T\u00e2rgu Jiu, la data de 21 mai a.c., pentru comiterea infrac\u021biunilor de agresiune sexual\u0103 \u0219i racolarea minorilor \u00een scopuri sexuale. Persoana \u00een cauz\u0103 a fost \u00eencarcerat\u0103 \u00een Centrul de Re\u021binere \u0219i Arestare Preventiv\u0103 al IPJ Gorj&#8221;, arat\u0103 un comunicat al Poli\u021biei Gorj.<\/p>\n","protected":false},"excerpt":{"rendered":"<p class=\"text-justify mb-2\" >Un b\u0103rbat de 66 de ani, din comuna F\u0103rc\u0103\u0219e\u0219ti, dat \u00een urm\u0103rire la nivel na\u021bional, a fost prins de poli\u021bi\u0219tii criminali\u0219ti, duminic\u0103. B\u0103rbatul era c\u0103utat pentru racolare de minori \u0219i agresiune sexual\u0103.\u00a0&#8222;La data de 23 mai a.c., poli\u021bi\u0219ti din cadrul Serviciului de Investiga\u021bii Criminale, \u00een [&hellip;]<\/p>\n","protected":false},"author":1,"featured_media":442,"comment_status":"open","ping_status":"open","sticky":false,"template":"","format":"standard","meta":{"footnotes":""},"categories":[13,2,4],"tags":[],"class_list":["post-441","post","type-post","status-publish","format-standard","has-post-thumbnail","hentry","category-eveniment","category-featured","category-ultima-ora"],"_links":{"self":[{"href":"https:\/\/radarmedia.ro\/index.php\/wp-json\/wp\/v2\/posts\/441","targetHints":{"allow":["GET"]}}],"collection":[{"href":"https:\/\/radarmedia.ro\/index.php\/wp-json\/wp\/v2\/posts"}],"about":[{"href":"https:\/\/radarmedia.ro\/index.php\/wp-json\/wp\/v2\/types\/post"}],"author":[{"embeddable":true,"href":"https:\/\/radarmedia.ro\/index.php\/wp-json\/wp\/v2\/users\/1"}],"replies":[{"embeddable":true,"href":"https:\/\/radarmedia.ro\/index.php\/wp-json\/wp\/v2\/comments?post=441"}],"version-history":[{"count":2,"href":"https:\/\/radarmedia.ro\/index.php\/wp-json\/wp\/v2\/posts\/441\/revisions"}],"predecessor-version":[{"id":444,"href":"https:\/\/radarmedia.ro\/index.php\/wp-json\/wp\/v2\/posts\/441\/revisions\/444"}],"wp:featuredmedia":[{"embeddable":true,"href":"https:\/\/radarmedia.ro\/index.php\/wp-json\/wp\/v2\/media\/442"}],"wp:attachment":[{"href":"https:\/\/radarmedia.ro\/index.php\/wp-json\/wp\/v2\/media?parent=441"}],"wp:term":[{"taxonomy":"category","embeddable":true,"href":"https:\/\/radarmedia.ro\/index.php\/wp-json\/wp\/v2\/categories?post=441"},{"taxonomy":"post_tag","embeddable":true,"href":"https:\/\/radarmedia.ro\/index.php\/wp-json\/wp\/v2\/tags?post=441"}],"curies":[{"name":"wp","href":"https:\/\/api.w.org\/{rel}","templated":true}]}}