{"id":445,"date":"2021-05-24T15:00:58","date_gmt":"2021-05-24T12:00:58","guid":{"rendered":"http:\/\/radarmedia.ro\/?p=445"},"modified":"2021-05-24T20:31:22","modified_gmt":"2021-05-24T17:31:22","slug":"s-a-dat-singur-de-gol-pe-facebook-ca-a-condus-fara-permis-dosar-penal","status":"publish","type":"post","link":"https:\/\/radarmedia.ro\/index.php\/2021\/05\/24\/s-a-dat-singur-de-gol-pe-facebook-ca-a-condus-fara-permis-dosar-penal\/","title":{"rendered":"S-a dat singur de gol, pe facebook, c\u0103 a condus f\u0103r\u0103 permis. Dosar penal"},"content":{"rendered":"<p>S-a filmat c\u00e2nd conducea o ma\u0219in\u0103, de\u0219i nu avea permis de conducere \u0219i s-a l\u0103udat pe re\u021belele de socializare, iar asta i-a adus un dosar penal. Poli\u021bi\u0219tii s-au autosesizat \u0219i l-au depistat pe b\u0103rbat. &#8222;La data de 21 mai a.c., poli\u021bi\u0219ti din cadrul Poli\u021biei Ora\u0219ului Rovinari s-au sesizat \u00een baza unor \u00eenregistr\u0103ri video ap\u0103rute pe re\u021belele de socializare, cu privire la faptul c\u0103\u00a0 \u00een cursul lunii aprilie 2020 un b\u0103rbat de 39 de ani, din comuna B\u00eelteni, a condus un autoturism, pe DN 66 Pe\u0219teana Jiu, f\u0103r\u0103 a de\u021bine permis de conducere.\u00a0Din verific\u0103rile efectuate a reie\u0219it faptul c\u0103 autoturismul apar\u021bine unui alt b\u0103rbat din comuna B\u00eelteni, \u00een v\u00e2rst\u0103 de 51 de ani, care i-l \u00eemprumutase b\u0103rbatului de 39 de ani, de\u0219i cuno\u0219tea faptul c\u0103 acesta nu de\u021bine permis de conducere&#8221;, se arat\u0103 \u00eentr-un comunicat al IPJ Gorj.<\/p>\n<p>Poli\u021bi\u0219tii au \u00eentocmit dosar penal pentru s\u0103v\u00e2r\u015firea infrac\u0163iunilor de\u00a0conducerea unui autovehicul, pe drumurile publice, de c\u0103tre o persoan\u0103 care nu de\u021bine acest drept. \u00cen acela\u0219i timp, oamenii legii au deschis dosar penal \u0219i proprietarului ma\u0219inii, pentru \u00eencredin\u021barea unui autoturism, spre a fi condus, unei persoane care nu de\u021bine permis de conducere<\/p>\n","protected":false},"excerpt":{"rendered":"<p class=\"text-justify mb-2\" >S-a filmat c\u00e2nd conducea o ma\u0219in\u0103, de\u0219i nu avea permis de conducere \u0219i s-a l\u0103udat pe re\u021belele de socializare, iar asta i-a adus un dosar penal. Poli\u021bi\u0219tii s-au autosesizat \u0219i l-au depistat pe b\u0103rbat. &#8222;La data de 21 mai a.c., poli\u021bi\u0219ti din cadrul Poli\u021biei Ora\u0219ului [&hellip;]<\/p>\n","protected":false},"author":1,"featured_media":446,"comment_status":"open","ping_status":"open","sticky":false,"template":"","format":"standard","meta":{"footnotes":""},"categories":[13,2,4],"tags":[],"class_list":["post-445","post","type-post","status-publish","format-standard","has-post-thumbnail","hentry","category-eveniment","category-featured","category-ultima-ora"],"_links":{"self":[{"href":"https:\/\/radarmedia.ro\/index.php\/wp-json\/wp\/v2\/posts\/445","targetHints":{"allow":["GET"]}}],"collection":[{"href":"https:\/\/radarmedia.ro\/index.php\/wp-json\/wp\/v2\/posts"}],"about":[{"href":"https:\/\/radarmedia.ro\/index.php\/wp-json\/wp\/v2\/types\/post"}],"author":[{"embeddable":true,"href":"https:\/\/radarmedia.ro\/index.php\/wp-json\/wp\/v2\/users\/1"}],"replies":[{"embeddable":true,"href":"https:\/\/radarmedia.ro\/index.php\/wp-json\/wp\/v2\/comments?post=445"}],"version-history":[{"count":1,"href":"https:\/\/radarmedia.ro\/index.php\/wp-json\/wp\/v2\/posts\/445\/revisions"}],"predecessor-version":[{"id":447,"href":"https:\/\/radarmedia.ro\/index.php\/wp-json\/wp\/v2\/posts\/445\/revisions\/447"}],"wp:featuredmedia":[{"embeddable":true,"href":"https:\/\/radarmedia.ro\/index.php\/wp-json\/wp\/v2\/media\/446"}],"wp:attachment":[{"href":"https:\/\/radarmedia.ro\/index.php\/wp-json\/wp\/v2\/media?parent=445"}],"wp:term":[{"taxonomy":"category","embeddable":true,"href":"https:\/\/radarmedia.ro\/index.php\/wp-json\/wp\/v2\/categories?post=445"},{"taxonomy":"post_tag","embeddable":true,"href":"https:\/\/radarmedia.ro\/index.php\/wp-json\/wp\/v2\/tags?post=445"}],"curies":[{"name":"wp","href":"https:\/\/api.w.org\/{rel}","templated":true}]}}