{"id":473,"date":"2021-05-26T13:40:58","date_gmt":"2021-05-26T10:40:58","guid":{"rendered":"http:\/\/radarmedia.ro\/?p=473"},"modified":"2021-05-26T13:40:58","modified_gmt":"2021-05-26T10:40:58","slug":"de-ziua-lui-a-protestat-in-piata-publica","status":"publish","type":"post","link":"https:\/\/radarmedia.ro\/index.php\/2021\/05\/26\/de-ziua-lui-a-protestat-in-piata-publica\/","title":{"rendered":"De ziua lui, a protestat \u00een pia\u021ba public\u0103"},"content":{"rendered":"<p>Un angajat de la Complexul Energetic Oltenia \u0219i-a s\u0103rb\u0103torit ziua de na\u0219tere protest\u00e2nt. Nicolae Mitrea a primit ur\u0103ri, de la colegii lui, \u00een pia\u021ba public\u0103 din T\u00e2rgu Jiu, acolo unde particip\u0103, pentru a 16-a s\u0103pt\u0103m\u00e2n\u0103, la pichetarea Prefecturii Gorj, pentru reducerea v\u00e2rstei de pensionare \u00een minerit \u0219i energie. Protestatarii i-au urat &#8222;La mul\u021bi ani&#8221; colegului lor \u0219i pe re\u021belele de socializare, unde au postat imagini cu aniversarea atipic\u0103.<\/p>\n","protected":false},"excerpt":{"rendered":"<p class=\"text-justify mb-2\" >Un angajat de la Complexul Energetic Oltenia \u0219i-a s\u0103rb\u0103torit ziua de na\u0219tere protest\u00e2nt. Nicolae Mitrea a primit ur\u0103ri, de la colegii lui, \u00een pia\u021ba public\u0103 din T\u00e2rgu Jiu, acolo unde particip\u0103, pentru a 16-a s\u0103pt\u0103m\u00e2n\u0103, la pichetarea Prefecturii Gorj, pentru reducerea v\u00e2rstei de pensionare \u00een [&hellip;]<\/p>\n","protected":false},"author":1,"featured_media":474,"comment_status":"open","ping_status":"open","sticky":false,"template":"","format":"standard","meta":{"footnotes":""},"categories":[5,2,4],"tags":[],"class_list":["post-473","post","type-post","status-publish","format-standard","has-post-thumbnail","hentry","category-actualitate","category-featured","category-ultima-ora"],"_links":{"self":[{"href":"https:\/\/radarmedia.ro\/index.php\/wp-json\/wp\/v2\/posts\/473","targetHints":{"allow":["GET"]}}],"collection":[{"href":"https:\/\/radarmedia.ro\/index.php\/wp-json\/wp\/v2\/posts"}],"about":[{"href":"https:\/\/radarmedia.ro\/index.php\/wp-json\/wp\/v2\/types\/post"}],"author":[{"embeddable":true,"href":"https:\/\/radarmedia.ro\/index.php\/wp-json\/wp\/v2\/users\/1"}],"replies":[{"embeddable":true,"href":"https:\/\/radarmedia.ro\/index.php\/wp-json\/wp\/v2\/comments?post=473"}],"version-history":[{"count":1,"href":"https:\/\/radarmedia.ro\/index.php\/wp-json\/wp\/v2\/posts\/473\/revisions"}],"predecessor-version":[{"id":475,"href":"https:\/\/radarmedia.ro\/index.php\/wp-json\/wp\/v2\/posts\/473\/revisions\/475"}],"wp:featuredmedia":[{"embeddable":true,"href":"https:\/\/radarmedia.ro\/index.php\/wp-json\/wp\/v2\/media\/474"}],"wp:attachment":[{"href":"https:\/\/radarmedia.ro\/index.php\/wp-json\/wp\/v2\/media?parent=473"}],"wp:term":[{"taxonomy":"category","embeddable":true,"href":"https:\/\/radarmedia.ro\/index.php\/wp-json\/wp\/v2\/categories?post=473"},{"taxonomy":"post_tag","embeddable":true,"href":"https:\/\/radarmedia.ro\/index.php\/wp-json\/wp\/v2\/tags?post=473"}],"curies":[{"name":"wp","href":"https:\/\/api.w.org\/{rel}","templated":true}]}}