{"id":483,"date":"2021-05-26T21:52:06","date_gmt":"2021-05-26T18:52:06","guid":{"rendered":"http:\/\/radarmedia.ro\/?p=483"},"modified":"2021-05-26T21:52:06","modified_gmt":"2021-05-26T18:52:06","slug":"amenda-de-50-000-lei-pentru-cenusa-de-la-termocentrala-turceni","status":"publish","type":"post","link":"https:\/\/radarmedia.ro\/index.php\/2021\/05\/26\/amenda-de-50-000-lei-pentru-cenusa-de-la-termocentrala-turceni\/","title":{"rendered":"Amend\u0103 de 50.000 lei, pentru cenu\u0219a de la Termocentrala Turceni"},"content":{"rendered":"<p>O amend\u0103 de jum\u0103tate de miliard de lei vechi a fost aplicat\u0103 Termocentralei Turceni, pentru praful de cenu\u0219\u0103, care polueaz\u0103 \u00eemprejurimile. Inspectorii G\u0103rzii de Mediu au mers \u00een repetate ori \u00een control la produc\u0103torul de energie \u0219i a impus m\u0103suri, pentru limitarea polu\u0103rilor, \u00eens\u0103 compania nu s-a conformat. Azi, Garda de Mediu Gorj a amendat Termocentrala Turceni, cu 50.000 de lei. \u201cDeoarece episoadele de poluare atmosferic\u0103 cu praf rezultat prin spulber\u0103ri de pe depozitul de cenu\u0219\u0103, apar\u021bin\u00e2nd termocentralei Turceni, s-au intensificat \u00een ultima perioad\u0103, comisarii G\u0103rzii de Mediu Gorj au verificat m\u0103surile stabilite la controalele anterioare. Pentru c\u0103 aceste m\u0103suri nu au fost duse la \u00eendeplinire, s-a aplicat o sanc\u021biune contraven\u021bional\u0103 \u00een valoare de 50 000 lei, stabilindu-se un nou program de m\u0103suri pentru combaterea acestui fenomen\u201d, se arat\u0103 \u00eentr-un comunicat emis de Garda de Mediu Gorj.<\/p>\n","protected":false},"excerpt":{"rendered":"<p class=\"text-justify mb-2\" >O amend\u0103 de jum\u0103tate de miliard de lei vechi a fost aplicat\u0103 Termocentralei Turceni, pentru praful de cenu\u0219\u0103, care polueaz\u0103 \u00eemprejurimile. Inspectorii G\u0103rzii de Mediu au mers \u00een repetate ori \u00een control la produc\u0103torul de energie \u0219i a impus m\u0103suri, pentru limitarea polu\u0103rilor, \u00eens\u0103 compania [&hellip;]<\/p>\n","protected":false},"author":1,"featured_media":484,"comment_status":"open","ping_status":"open","sticky":false,"template":"","format":"standard","meta":{"footnotes":""},"categories":[13,2,4],"tags":[],"class_list":["post-483","post","type-post","status-publish","format-standard","has-post-thumbnail","hentry","category-eveniment","category-featured","category-ultima-ora"],"_links":{"self":[{"href":"https:\/\/radarmedia.ro\/index.php\/wp-json\/wp\/v2\/posts\/483","targetHints":{"allow":["GET"]}}],"collection":[{"href":"https:\/\/radarmedia.ro\/index.php\/wp-json\/wp\/v2\/posts"}],"about":[{"href":"https:\/\/radarmedia.ro\/index.php\/wp-json\/wp\/v2\/types\/post"}],"author":[{"embeddable":true,"href":"https:\/\/radarmedia.ro\/index.php\/wp-json\/wp\/v2\/users\/1"}],"replies":[{"embeddable":true,"href":"https:\/\/radarmedia.ro\/index.php\/wp-json\/wp\/v2\/comments?post=483"}],"version-history":[{"count":1,"href":"https:\/\/radarmedia.ro\/index.php\/wp-json\/wp\/v2\/posts\/483\/revisions"}],"predecessor-version":[{"id":485,"href":"https:\/\/radarmedia.ro\/index.php\/wp-json\/wp\/v2\/posts\/483\/revisions\/485"}],"wp:featuredmedia":[{"embeddable":true,"href":"https:\/\/radarmedia.ro\/index.php\/wp-json\/wp\/v2\/media\/484"}],"wp:attachment":[{"href":"https:\/\/radarmedia.ro\/index.php\/wp-json\/wp\/v2\/media?parent=483"}],"wp:term":[{"taxonomy":"category","embeddable":true,"href":"https:\/\/radarmedia.ro\/index.php\/wp-json\/wp\/v2\/categories?post=483"},{"taxonomy":"post_tag","embeddable":true,"href":"https:\/\/radarmedia.ro\/index.php\/wp-json\/wp\/v2\/tags?post=483"}],"curies":[{"name":"wp","href":"https:\/\/api.w.org\/{rel}","templated":true}]}}