{"id":486,"date":"2021-05-26T22:23:50","date_gmt":"2021-05-26T19:23:50","guid":{"rendered":"http:\/\/radarmedia.ro\/?p=486"},"modified":"2021-05-26T22:23:50","modified_gmt":"2021-05-26T19:23:50","slug":"concertul-lyrei-gorjului-s-a-amanat-pentru-sambata","status":"publish","type":"post","link":"https:\/\/radarmedia.ro\/index.php\/2021\/05\/26\/concertul-lyrei-gorjului-s-a-amanat-pentru-sambata\/","title":{"rendered":"Concertul &#8222;Lyrei Gorjului&#8221; s-a am\u00e2nat pentru s\u00e2mb\u0103t\u0103"},"content":{"rendered":"<p>Concertul Orchestrei de Camer\u0103 &#8222;Lyra Gorjului&#8221;, care trebuia s\u0103 aib\u0103 loc joi seara, la T\u00e2rgu Jiu, a fost am\u00e2nat. Spectacolul a trebuit reprogramat, din cauz\u0103 c\u0103 unora dintre componen\u021bii orchestrei, care vin din Craiova, li s-a schimbat programul. Concertul a fost reprogramat pentru s\u00e2mb\u0103t\u0103, ora 19:00, loca\u021bia r\u0103m\u00e2n\u00e2nd aceea\u0219i: Teatrul Dramatic Elvira Godeanu.<\/p>\n","protected":false},"excerpt":{"rendered":"<p class=\"text-justify mb-2\" >Concertul Orchestrei de Camer\u0103 &#8222;Lyra Gorjului&#8221;, care trebuia s\u0103 aib\u0103 loc joi seara, la T\u00e2rgu Jiu, a fost am\u00e2nat. Spectacolul a trebuit reprogramat, din cauz\u0103 c\u0103 unora dintre componen\u021bii orchestrei, care vin din Craiova, li s-a schimbat programul. Concertul a fost reprogramat pentru s\u00e2mb\u0103t\u0103, ora [&hellip;]<\/p>\n","protected":false},"author":1,"featured_media":487,"comment_status":"open","ping_status":"open","sticky":false,"template":"","format":"standard","meta":{"footnotes":""},"categories":[2,4],"tags":[],"class_list":["post-486","post","type-post","status-publish","format-standard","has-post-thumbnail","hentry","category-featured","category-ultima-ora"],"_links":{"self":[{"href":"https:\/\/radarmedia.ro\/index.php\/wp-json\/wp\/v2\/posts\/486","targetHints":{"allow":["GET"]}}],"collection":[{"href":"https:\/\/radarmedia.ro\/index.php\/wp-json\/wp\/v2\/posts"}],"about":[{"href":"https:\/\/radarmedia.ro\/index.php\/wp-json\/wp\/v2\/types\/post"}],"author":[{"embeddable":true,"href":"https:\/\/radarmedia.ro\/index.php\/wp-json\/wp\/v2\/users\/1"}],"replies":[{"embeddable":true,"href":"https:\/\/radarmedia.ro\/index.php\/wp-json\/wp\/v2\/comments?post=486"}],"version-history":[{"count":1,"href":"https:\/\/radarmedia.ro\/index.php\/wp-json\/wp\/v2\/posts\/486\/revisions"}],"predecessor-version":[{"id":488,"href":"https:\/\/radarmedia.ro\/index.php\/wp-json\/wp\/v2\/posts\/486\/revisions\/488"}],"wp:featuredmedia":[{"embeddable":true,"href":"https:\/\/radarmedia.ro\/index.php\/wp-json\/wp\/v2\/media\/487"}],"wp:attachment":[{"href":"https:\/\/radarmedia.ro\/index.php\/wp-json\/wp\/v2\/media?parent=486"}],"wp:term":[{"taxonomy":"category","embeddable":true,"href":"https:\/\/radarmedia.ro\/index.php\/wp-json\/wp\/v2\/categories?post=486"},{"taxonomy":"post_tag","embeddable":true,"href":"https:\/\/radarmedia.ro\/index.php\/wp-json\/wp\/v2\/tags?post=486"}],"curies":[{"name":"wp","href":"https:\/\/api.w.org\/{rel}","templated":true}]}}