{"id":548,"date":"2021-06-02T15:06:49","date_gmt":"2021-06-02T12:06:49","guid":{"rendered":"http:\/\/radarmedia.ro\/?p=548"},"modified":"2021-06-02T15:06:49","modified_gmt":"2021-06-02T12:06:49","slug":"amenda-pentru-scoala-de-soferi-angajati-la-negru","status":"publish","type":"post","link":"https:\/\/radarmedia.ro\/index.php\/2021\/06\/02\/amenda-pentru-scoala-de-soferi-angajati-la-negru\/","title":{"rendered":"Amend\u0103 pentru \u0219coala de \u0219oferi. Angaja\u021bi la negru"},"content":{"rendered":"<p>Inspectorii ITM au g\u0103sit patru angaja\u021bi, care munceau &#8222;la negru&#8221;, la o \u0219coal\u0103 de \u0219oferi. Firma a fost amendat\u0103 cu 40.000 de lei. &#8222;\u00cen perioada 17-28 mai 2021, inspectorii de munc\u0103 din cadrul Serviciului Control Munc\u0103 Nedeclarat\u0103 au depistat patru persoane prest\u00e2nd activitate \u00een afara programului de lucru stabilit \u00een cadrul contractului individual de munc\u0103 cu timp par\u021bial.\u00a0Angajatorul, cu domeniu de activitate \u0219coli de conducere (pilotaj), a fost sanc\u021bionat \u00een data de 19.05.2021 cu amend\u0103 \u00een valoare de 40.000 de lei, \u00een urma ac\u021biunilor \u00eentreprinse de c\u0103tre inspectorii de munc\u0103&#8221;, au comunicat reprezentan\u021bii ITM Gorj.<\/p>\n<p>&nbsp;<\/p>\n","protected":false},"excerpt":{"rendered":"<p class=\"text-justify mb-2\" >Inspectorii ITM au g\u0103sit patru angaja\u021bi, care munceau &#8222;la negru&#8221;, la o \u0219coal\u0103 de \u0219oferi. Firma a fost amendat\u0103 cu 40.000 de lei. &#8222;\u00cen perioada 17-28 mai 2021, inspectorii de munc\u0103 din cadrul Serviciului Control Munc\u0103 Nedeclarat\u0103 au depistat patru persoane prest\u00e2nd activitate \u00een afara [&hellip;]<\/p>\n","protected":false},"author":1,"featured_media":353,"comment_status":"open","ping_status":"open","sticky":false,"template":"","format":"standard","meta":{"footnotes":""},"categories":[13,2,4],"tags":[],"class_list":["post-548","post","type-post","status-publish","format-standard","has-post-thumbnail","hentry","category-eveniment","category-featured","category-ultima-ora"],"_links":{"self":[{"href":"https:\/\/radarmedia.ro\/index.php\/wp-json\/wp\/v2\/posts\/548","targetHints":{"allow":["GET"]}}],"collection":[{"href":"https:\/\/radarmedia.ro\/index.php\/wp-json\/wp\/v2\/posts"}],"about":[{"href":"https:\/\/radarmedia.ro\/index.php\/wp-json\/wp\/v2\/types\/post"}],"author":[{"embeddable":true,"href":"https:\/\/radarmedia.ro\/index.php\/wp-json\/wp\/v2\/users\/1"}],"replies":[{"embeddable":true,"href":"https:\/\/radarmedia.ro\/index.php\/wp-json\/wp\/v2\/comments?post=548"}],"version-history":[{"count":1,"href":"https:\/\/radarmedia.ro\/index.php\/wp-json\/wp\/v2\/posts\/548\/revisions"}],"predecessor-version":[{"id":549,"href":"https:\/\/radarmedia.ro\/index.php\/wp-json\/wp\/v2\/posts\/548\/revisions\/549"}],"wp:featuredmedia":[{"embeddable":true,"href":"https:\/\/radarmedia.ro\/index.php\/wp-json\/wp\/v2\/media\/353"}],"wp:attachment":[{"href":"https:\/\/radarmedia.ro\/index.php\/wp-json\/wp\/v2\/media?parent=548"}],"wp:term":[{"taxonomy":"category","embeddable":true,"href":"https:\/\/radarmedia.ro\/index.php\/wp-json\/wp\/v2\/categories?post=548"},{"taxonomy":"post_tag","embeddable":true,"href":"https:\/\/radarmedia.ro\/index.php\/wp-json\/wp\/v2\/tags?post=548"}],"curies":[{"name":"wp","href":"https:\/\/api.w.org\/{rel}","templated":true}]}}