{"id":5494,"date":"2023-10-10T09:24:50","date_gmt":"2023-10-10T06:24:50","guid":{"rendered":"http:\/\/radarmedia.ro\/?p=5494"},"modified":"2023-10-10T09:24:50","modified_gmt":"2023-10-10T06:24:50","slug":"presedintele-per-gorj-si-a-dat-demisia-dupa-ce-a-fost-inlocuit-de-sefii-de-la-partid","status":"publish","type":"post","link":"https:\/\/radarmedia.ro\/index.php\/2023\/10\/10\/presedintele-per-gorj-si-a-dat-demisia-dupa-ce-a-fost-inlocuit-de-sefii-de-la-partid\/","title":{"rendered":"Pre\u0219edintele PER Gorj \u0219i-a dat demisia, dup\u0103 ce a fost \u00eenlocuit de \u0219efii de la partid"},"content":{"rendered":"<p>Dumitru Miroiu \u0219i-a dat demisia din conducerea PER Gorj, dup\u0103 ce luni seara, \u0219efii partidului l-au numit pe Gigel Capot\u0103, pre\u0219edinte interimar al filialei Gorj. Miroiu a postat, ulterior, o h\u00e2rtie, prin care \u00ee\u0219i d\u0103dea demisia din func\u021bia pe care nu o mai avea de la jum\u0103tatea lunii septembrie, c\u00e2nd a delegat atribu\u021biile de pre\u0219edinte, lui Ion Voicu.<\/p>\n<p>M\u0103sura luat\u0103 de \u0219efii de la centru a venit dup\u0103 ce, duminic\u0103, trei membri din conducerea Biroului Politic Jude\u021bean al Partidului Ecologist Rom\u00e2n de la Gorj au fost retra\u0219i din func\u021bie, de Dumitru Miroiu, care a semnat decizia, \u00een calitate de pre\u0219edinte. Ce revoca\u021bi erau prim-vicepre\u0219edintele Gigel Capot\u0103 \u0219i vicepre\u0219edin\u021bii Lucian Medar \u0219i Nicolae Morie. Ace\u0219tia au acuzat abuzul fostului lider \u0219i au spus c\u0103 Miroiu ar fi \u00eencercat s\u0103 se r\u0103zbune, deoarece nu au participat la o \u00eent\u00e2lnire, cu persoane care sus\u021bin candidatura liderului unui partid obscur.<\/p>\n","protected":false},"excerpt":{"rendered":"<p class=\"text-justify mb-2\" >Dumitru Miroiu \u0219i-a dat demisia din conducerea PER Gorj, dup\u0103 ce luni seara, \u0219efii partidului l-au numit pe Gigel Capot\u0103, pre\u0219edinte interimar al filialei Gorj. Miroiu a postat, ulterior, o h\u00e2rtie, prin care \u00ee\u0219i d\u0103dea demisia din func\u021bia pe care nu o mai avea de [&hellip;]<\/p>\n","protected":false},"author":2,"featured_media":5495,"comment_status":"open","ping_status":"open","sticky":false,"template":"","format":"standard","meta":{"footnotes":""},"categories":[2,3,4],"tags":[],"class_list":["post-5494","post","type-post","status-publish","format-standard","has-post-thumbnail","hentry","category-featured","category-politic","category-ultima-ora"],"_links":{"self":[{"href":"https:\/\/radarmedia.ro\/index.php\/wp-json\/wp\/v2\/posts\/5494","targetHints":{"allow":["GET"]}}],"collection":[{"href":"https:\/\/radarmedia.ro\/index.php\/wp-json\/wp\/v2\/posts"}],"about":[{"href":"https:\/\/radarmedia.ro\/index.php\/wp-json\/wp\/v2\/types\/post"}],"author":[{"embeddable":true,"href":"https:\/\/radarmedia.ro\/index.php\/wp-json\/wp\/v2\/users\/2"}],"replies":[{"embeddable":true,"href":"https:\/\/radarmedia.ro\/index.php\/wp-json\/wp\/v2\/comments?post=5494"}],"version-history":[{"count":1,"href":"https:\/\/radarmedia.ro\/index.php\/wp-json\/wp\/v2\/posts\/5494\/revisions"}],"predecessor-version":[{"id":5496,"href":"https:\/\/radarmedia.ro\/index.php\/wp-json\/wp\/v2\/posts\/5494\/revisions\/5496"}],"wp:featuredmedia":[{"embeddable":true,"href":"https:\/\/radarmedia.ro\/index.php\/wp-json\/wp\/v2\/media\/5495"}],"wp:attachment":[{"href":"https:\/\/radarmedia.ro\/index.php\/wp-json\/wp\/v2\/media?parent=5494"}],"wp:term":[{"taxonomy":"category","embeddable":true,"href":"https:\/\/radarmedia.ro\/index.php\/wp-json\/wp\/v2\/categories?post=5494"},{"taxonomy":"post_tag","embeddable":true,"href":"https:\/\/radarmedia.ro\/index.php\/wp-json\/wp\/v2\/tags?post=5494"}],"curies":[{"name":"wp","href":"https:\/\/api.w.org\/{rel}","templated":true}]}}