{"id":556,"date":"2021-06-03T07:34:48","date_gmt":"2021-06-03T04:34:48","guid":{"rendered":"http:\/\/radarmedia.ro\/?p=556"},"modified":"2021-06-03T07:34:48","modified_gmt":"2021-06-03T04:34:48","slug":"lista-cu-primii-700-de-disponibilizati-din-complexul-oltenia","status":"publish","type":"post","link":"https:\/\/radarmedia.ro\/index.php\/2021\/06\/03\/lista-cu-primii-700-de-disponibilizati-din-complexul-oltenia\/","title":{"rendered":"Lista cu primii 700 de disponibiliza\u021bi din Complexul Oltenia"},"content":{"rendered":"<p>Primii 700 de angaja\u021bi ai Complexului Energetic Oltenia, care vor pleca acas\u0103, \u00een cadrul planului de restructurare, au primit preavize. Majoritatea o reprezint\u0103 persoane care \u00eendeplinesc condi\u021biile de pensionare p\u00e2n\u0103 \u00een 2022, dar sunt \u0219i salaria\u021bi care au vrut s\u0103 plece. Ei vor fi concedia\u021bi \u00eencep\u00e2nd cu 1 iulie \u0219i vor primi \u00een 1 \u0219i 11 salarii.<\/p>\n","protected":false},"excerpt":{"rendered":"<p class=\"text-justify mb-2\" >Primii 700 de angaja\u021bi ai Complexului Energetic Oltenia, care vor pleca acas\u0103, \u00een cadrul planului de restructurare, au primit preavize. Majoritatea o reprezint\u0103 persoane care \u00eendeplinesc condi\u021biile de pensionare p\u00e2n\u0103 \u00een 2022, dar sunt \u0219i salaria\u021bi care au vrut s\u0103 plece. Ei vor fi concedia\u021bi [&hellip;]<\/p>\n","protected":false},"author":1,"featured_media":558,"comment_status":"open","ping_status":"open","sticky":false,"template":"","format":"standard","meta":{"footnotes":""},"categories":[5,1,2,4],"tags":[],"class_list":["post-556","post","type-post","status-publish","format-standard","has-post-thumbnail","hentry","category-actualitate","category-fara-categorie","category-featured","category-ultima-ora"],"_links":{"self":[{"href":"https:\/\/radarmedia.ro\/index.php\/wp-json\/wp\/v2\/posts\/556","targetHints":{"allow":["GET"]}}],"collection":[{"href":"https:\/\/radarmedia.ro\/index.php\/wp-json\/wp\/v2\/posts"}],"about":[{"href":"https:\/\/radarmedia.ro\/index.php\/wp-json\/wp\/v2\/types\/post"}],"author":[{"embeddable":true,"href":"https:\/\/radarmedia.ro\/index.php\/wp-json\/wp\/v2\/users\/1"}],"replies":[{"embeddable":true,"href":"https:\/\/radarmedia.ro\/index.php\/wp-json\/wp\/v2\/comments?post=556"}],"version-history":[{"count":2,"href":"https:\/\/radarmedia.ro\/index.php\/wp-json\/wp\/v2\/posts\/556\/revisions"}],"predecessor-version":[{"id":559,"href":"https:\/\/radarmedia.ro\/index.php\/wp-json\/wp\/v2\/posts\/556\/revisions\/559"}],"wp:featuredmedia":[{"embeddable":true,"href":"https:\/\/radarmedia.ro\/index.php\/wp-json\/wp\/v2\/media\/558"}],"wp:attachment":[{"href":"https:\/\/radarmedia.ro\/index.php\/wp-json\/wp\/v2\/media?parent=556"}],"wp:term":[{"taxonomy":"category","embeddable":true,"href":"https:\/\/radarmedia.ro\/index.php\/wp-json\/wp\/v2\/categories?post=556"},{"taxonomy":"post_tag","embeddable":true,"href":"https:\/\/radarmedia.ro\/index.php\/wp-json\/wp\/v2\/tags?post=556"}],"curies":[{"name":"wp","href":"https:\/\/api.w.org\/{rel}","templated":true}]}}