{"id":564,"date":"2021-06-03T15:51:25","date_gmt":"2021-06-03T12:51:25","guid":{"rendered":"http:\/\/radarmedia.ro\/?p=564"},"modified":"2021-06-07T07:54:33","modified_gmt":"2021-06-07T04:54:33","slug":"barbat-de-69-ani-reclamat-reclamat-de-nevasta-la-112","status":"publish","type":"post","link":"https:\/\/radarmedia.ro\/index.php\/2021\/06\/03\/barbat-de-69-ani-reclamat-reclamat-de-nevasta-la-112\/","title":{"rendered":"B\u0103rbat de 69 ani, reclamat de nevast\u0103, la 112"},"content":{"rendered":"<p>Un b\u0103rbat de 69 de ani, din comuna Albeni, a fost dat pe m\u00e2na poli\u021biei de nevast\u0103. Femeia, \u00een v\u00e2rst\u0103 de 61 de ani, a sunat la 112 \u0219i \u0219i-a acuzat so\u021bul c\u0103 o amenin\u021b\u0103 cu moartea. Oamenii legii au mers la locuin\u021ba familiei \u0219i i-au \u00eentocmit b\u0103rbatului dosar penal. &#8222;La data de 2 iunie a.c., poli\u021bi\u0219ti din cadrul Sec\u0163iei 6 Poli\u0163ie Rural\u0103 T\u00e2rgu C\u0103rbune\u0219ti au fost sesiza\u0163i prin apelul 112, de c\u0103tre o femeie de 61 de ani, din comuna Albeni, cu privire la faptul c\u0103 are un conflict cu so\u021bul s\u0103u.\u00a0La fa\u0163a locului s-au deplasat poli\u021bi\u0219ti din cadrul sec\u0163iei, care \u00een urma verific\u0103rilor efectuate au constatat c\u0103 un b\u0103rbat de 69 de ani, din comuna Albeni, afl\u00e2ndu-se la locuin\u021ba de domiciliu, ar fi amenin\u021bat-o cu moartea pe so\u021bia sa.\u00a0\u00cen cauz\u0103 a fost \u00eentocmit dosar penal sub aspectul s\u0103v\u00e2r\u015firii infrac\u0163iunii de\u00a0amenin\u021bare&#8221;, se arat\u0103 \u00eentr-un comunicat al IPJ Gorj.<\/p>\n<p>Poli\u021bi\u0219tii au luat \u0219i m\u0103sura emiterii unui ordin de protec\u021bie provizoriu, \u00eempotriva b\u0103rbatului, pe o perioad\u0103 de 5 zile.<\/p>\n","protected":false},"excerpt":{"rendered":"<p class=\"text-justify mb-2\" >Un b\u0103rbat de 69 de ani, din comuna Albeni, a fost dat pe m\u00e2na poli\u021biei de nevast\u0103. Femeia, \u00een v\u00e2rst\u0103 de 61 de ani, a sunat la 112 \u0219i \u0219i-a acuzat so\u021bul c\u0103 o amenin\u021b\u0103 cu moartea. Oamenii legii au mers la locuin\u021ba familiei \u0219i [&hellip;]<\/p>\n","protected":false},"author":1,"featured_media":49,"comment_status":"open","ping_status":"open","sticky":false,"template":"","format":"standard","meta":{"footnotes":""},"categories":[13,2,4],"tags":[],"class_list":["post-564","post","type-post","status-publish","format-standard","has-post-thumbnail","hentry","category-eveniment","category-featured","category-ultima-ora"],"_links":{"self":[{"href":"https:\/\/radarmedia.ro\/index.php\/wp-json\/wp\/v2\/posts\/564","targetHints":{"allow":["GET"]}}],"collection":[{"href":"https:\/\/radarmedia.ro\/index.php\/wp-json\/wp\/v2\/posts"}],"about":[{"href":"https:\/\/radarmedia.ro\/index.php\/wp-json\/wp\/v2\/types\/post"}],"author":[{"embeddable":true,"href":"https:\/\/radarmedia.ro\/index.php\/wp-json\/wp\/v2\/users\/1"}],"replies":[{"embeddable":true,"href":"https:\/\/radarmedia.ro\/index.php\/wp-json\/wp\/v2\/comments?post=564"}],"version-history":[{"count":2,"href":"https:\/\/radarmedia.ro\/index.php\/wp-json\/wp\/v2\/posts\/564\/revisions"}],"predecessor-version":[{"id":584,"href":"https:\/\/radarmedia.ro\/index.php\/wp-json\/wp\/v2\/posts\/564\/revisions\/584"}],"wp:featuredmedia":[{"embeddable":true,"href":"https:\/\/radarmedia.ro\/index.php\/wp-json\/wp\/v2\/media\/49"}],"wp:attachment":[{"href":"https:\/\/radarmedia.ro\/index.php\/wp-json\/wp\/v2\/media?parent=564"}],"wp:term":[{"taxonomy":"category","embeddable":true,"href":"https:\/\/radarmedia.ro\/index.php\/wp-json\/wp\/v2\/categories?post=564"},{"taxonomy":"post_tag","embeddable":true,"href":"https:\/\/radarmedia.ro\/index.php\/wp-json\/wp\/v2\/tags?post=564"}],"curies":[{"name":"wp","href":"https:\/\/api.w.org\/{rel}","templated":true}]}}