{"id":5877,"date":"2024-04-04T17:25:10","date_gmt":"2024-04-04T14:25:10","guid":{"rendered":"https:\/\/radarmedia.ro\/?p=5877"},"modified":"2024-04-04T17:25:10","modified_gmt":"2024-04-04T14:25:10","slug":"cum-a-fost-gasit-un-turism-spaniol-blocat-in-muntii-fagaras","status":"publish","type":"post","link":"https:\/\/radarmedia.ro\/index.php\/2024\/04\/04\/cum-a-fost-gasit-un-turism-spaniol-blocat-in-muntii-fagaras\/","title":{"rendered":"Cum a fost g\u0103sit un turism spaniol, blocat \u00een mun\u021bii F\u0103g\u0103ra\u0219"},"content":{"rendered":"<div class=\"xdj266r x11i5rnm xat24cr x1mh8g0r x1vvkbs x126k92a\">\n<div dir=\"auto\">Salvamonti\u0219tii au salvat un b\u0103rbat din Spania, care a r\u0103mas blocat \u00een masivul F\u0103g\u0103ra\u0219. B\u0103rbatul a strigat dup\u0103 ajutor, la vederea salvamonti\u0219tilor, ace\u0219tia ajung\u00e2nd \u00een zon\u0103 pentru un exerci\u021biu de preg\u0103tirea. \u201dPersoana cu probleme, un cet\u0103\u021bean spaniol, echipat necorespunz\u0103tor pentru sezon \u0219i tipul ascensiunii, chiar \u00een adida\u0219i, avea probleme medicale, un inceput de hipotermie si era blocat \u00een perete.\u00a0Salvamonti\u0219tii au ajuns la el, l-au preg\u0103tit \u0219i cobor\u00e2t \u00een siguran\u021b\u0103 din peret\u0219 salvamonti\u0219tii participan\u021bi la curs au auzit strigate intr-un perete de sub v\u00e2rful V\u00e2n\u0103toarea lui Buteanu. Ac\u021biunea de preg\u0103tire a fost intrerupta imediat si salvamonti\u0219tii au \u00eenceput sa organizeze echipele de interven\u021bie\u201d, arat\u0103 un comunicat emis de Salvamont Rom\u00e2nia.<\/div>\n<\/div>\n","protected":false},"excerpt":{"rendered":"<p class=\"text-justify mb-2\" >Salvamonti\u0219tii au salvat un b\u0103rbat din Spania, care a r\u0103mas blocat \u00een masivul F\u0103g\u0103ra\u0219. B\u0103rbatul a strigat dup\u0103 ajutor, la vederea salvamonti\u0219tilor, ace\u0219tia ajung\u00e2nd \u00een zon\u0103 pentru un exerci\u021biu de preg\u0103tirea. \u201dPersoana cu probleme, un cet\u0103\u021bean spaniol, echipat necorespunz\u0103tor pentru sezon \u0219i tipul ascensiunii, chiar [&hellip;]<\/p>\n","protected":false},"author":2,"featured_media":5878,"comment_status":"open","ping_status":"open","sticky":false,"template":"","format":"standard","meta":{"footnotes":""},"categories":[13,2,4],"tags":[],"class_list":["post-5877","post","type-post","status-publish","format-standard","has-post-thumbnail","hentry","category-eveniment","category-featured","category-ultima-ora"],"_links":{"self":[{"href":"https:\/\/radarmedia.ro\/index.php\/wp-json\/wp\/v2\/posts\/5877","targetHints":{"allow":["GET"]}}],"collection":[{"href":"https:\/\/radarmedia.ro\/index.php\/wp-json\/wp\/v2\/posts"}],"about":[{"href":"https:\/\/radarmedia.ro\/index.php\/wp-json\/wp\/v2\/types\/post"}],"author":[{"embeddable":true,"href":"https:\/\/radarmedia.ro\/index.php\/wp-json\/wp\/v2\/users\/2"}],"replies":[{"embeddable":true,"href":"https:\/\/radarmedia.ro\/index.php\/wp-json\/wp\/v2\/comments?post=5877"}],"version-history":[{"count":1,"href":"https:\/\/radarmedia.ro\/index.php\/wp-json\/wp\/v2\/posts\/5877\/revisions"}],"predecessor-version":[{"id":5879,"href":"https:\/\/radarmedia.ro\/index.php\/wp-json\/wp\/v2\/posts\/5877\/revisions\/5879"}],"wp:featuredmedia":[{"embeddable":true,"href":"https:\/\/radarmedia.ro\/index.php\/wp-json\/wp\/v2\/media\/5878"}],"wp:attachment":[{"href":"https:\/\/radarmedia.ro\/index.php\/wp-json\/wp\/v2\/media?parent=5877"}],"wp:term":[{"taxonomy":"category","embeddable":true,"href":"https:\/\/radarmedia.ro\/index.php\/wp-json\/wp\/v2\/categories?post=5877"},{"taxonomy":"post_tag","embeddable":true,"href":"https:\/\/radarmedia.ro\/index.php\/wp-json\/wp\/v2\/tags?post=5877"}],"curies":[{"name":"wp","href":"https:\/\/api.w.org\/{rel}","templated":true}]}}