{"id":5946,"date":"2024-05-15T09:29:36","date_gmt":"2024-05-15T06:29:36","guid":{"rendered":"https:\/\/radarmedia.ro\/?p=5946"},"modified":"2024-05-15T09:29:36","modified_gmt":"2024-05-15T06:29:36","slug":"incendiu-in-miez-de-noapte-la-runcu-acoperis-distrus","status":"publish","type":"post","link":"https:\/\/radarmedia.ro\/index.php\/2024\/05\/15\/incendiu-in-miez-de-noapte-la-runcu-acoperis-distrus\/","title":{"rendered":"Incendiu \u00een miez de noapte, la Runcu. Acoperi\u0219 distrus"},"content":{"rendered":"<p>Un incendiu a izbucnit \u201dLa data de 15 mai 2024, \u00een jurul orei 02:00, am fost solicita\u021bi s\u0103 intervenim pentru gestionarea unei situa\u021bii de urgen\u021b\u0103 generat\u0103 de un incendiu izbucnit la o cas\u0103 \u00een comuna Runcu, satul Valea Mare.<br \/>\nLa fa\u021ba locului s-au deplasat dou\u0103 autospeciale de interven\u021bie cu ap\u0103 \u0219i spum\u0103 \u0219i o ambulan\u021b\u0103 SMURD din cadrul Deta\u0219amentului de Pompieri Tg-Jiu, echipajele de interven\u021bie constat\u00e2nd c\u0103 incendiul se manifesta violent la acoperi\u0219ul construc\u021biei, cu posibilitate de propagare a construc\u021biile \u00eenvecinate.<br \/>\nS-a intervenit pentru localizarea \u0219i lichidarea incendiului \u00een limitele g\u0103site, iar pentru o interven\u021bie optim\u0103 au fost suplimentate for\u021bele de interven\u021bie, la locul evenimentului deplas\u00e2ndu-se \u00eenc\u0103 o autospecial\u0103 de stingere cu ap\u0103 \u0219i spum\u0103 din cadrul Deta\u0219amentului de Pompieri Tg-Jiu.<br \/>\nDin fericire, nu au fost \u00eenregistrate victime, au ars aproximativ 150 mp din acoperi\u0219ul construc\u021biei, cauza probabil\u0103 de izbucnire a incendiului fiind efectul termic al curentului electric, mai exact un cablu electric defect sau neizolat corespunz\u0103tor.<\/p>\n","protected":false},"excerpt":{"rendered":"<p class=\"text-justify mb-2\" >Un incendiu a izbucnit \u201dLa data de 15 mai 2024, \u00een jurul orei 02:00, am fost solicita\u021bi s\u0103 intervenim pentru gestionarea unei situa\u021bii de urgen\u021b\u0103 generat\u0103 de un incendiu izbucnit la o cas\u0103 \u00een comuna Runcu, satul Valea Mare. La fa\u021ba locului s-au deplasat dou\u0103 [&hellip;]<\/p>\n","protected":false},"author":2,"featured_media":5949,"comment_status":"open","ping_status":"open","sticky":false,"template":"","format":"standard","meta":{"footnotes":""},"categories":[1,4],"tags":[],"class_list":["post-5946","post","type-post","status-publish","format-standard","has-post-thumbnail","hentry","category-fara-categorie","category-ultima-ora"],"_links":{"self":[{"href":"https:\/\/radarmedia.ro\/index.php\/wp-json\/wp\/v2\/posts\/5946","targetHints":{"allow":["GET"]}}],"collection":[{"href":"https:\/\/radarmedia.ro\/index.php\/wp-json\/wp\/v2\/posts"}],"about":[{"href":"https:\/\/radarmedia.ro\/index.php\/wp-json\/wp\/v2\/types\/post"}],"author":[{"embeddable":true,"href":"https:\/\/radarmedia.ro\/index.php\/wp-json\/wp\/v2\/users\/2"}],"replies":[{"embeddable":true,"href":"https:\/\/radarmedia.ro\/index.php\/wp-json\/wp\/v2\/comments?post=5946"}],"version-history":[{"count":1,"href":"https:\/\/radarmedia.ro\/index.php\/wp-json\/wp\/v2\/posts\/5946\/revisions"}],"predecessor-version":[{"id":5950,"href":"https:\/\/radarmedia.ro\/index.php\/wp-json\/wp\/v2\/posts\/5946\/revisions\/5950"}],"wp:featuredmedia":[{"embeddable":true,"href":"https:\/\/radarmedia.ro\/index.php\/wp-json\/wp\/v2\/media\/5949"}],"wp:attachment":[{"href":"https:\/\/radarmedia.ro\/index.php\/wp-json\/wp\/v2\/media?parent=5946"}],"wp:term":[{"taxonomy":"category","embeddable":true,"href":"https:\/\/radarmedia.ro\/index.php\/wp-json\/wp\/v2\/categories?post=5946"},{"taxonomy":"post_tag","embeddable":true,"href":"https:\/\/radarmedia.ro\/index.php\/wp-json\/wp\/v2\/tags?post=5946"}],"curies":[{"name":"wp","href":"https:\/\/api.w.org\/{rel}","templated":true}]}}