{"id":6009,"date":"2024-07-12T16:23:49","date_gmt":"2024-07-12T13:23:49","guid":{"rendered":"https:\/\/radarmedia.ro\/?p=6009"},"modified":"2024-07-12T16:23:49","modified_gmt":"2024-07-12T13:23:49","slug":"condamnare-pentru-primarul-din-albeni-4-ani-cu-executare","status":"publish","type":"post","link":"https:\/\/radarmedia.ro\/index.php\/2024\/07\/12\/condamnare-pentru-primarul-din-albeni-4-ani-cu-executare\/","title":{"rendered":"Condamnare pentru primarul din Albeni. 4 ani cu executare"},"content":{"rendered":"<p>Fostul primar al comunei Albeni, Silviu Ionu\u021b Stan, a fost condamnat la patru ani cu executare, pentru aranjarea unor concursuri de angajare \u00een prim\u0103rie, scrie <a href=\"https:\/\/presafarastapani.ro\/fostul-primar-stan-condamnat-la-4-ani-cu-executare\/\">presafarastapani.ro<\/a>. Hot\u0103r\u00e2rea Tribunalului Gorj nu este definitiv\u0103 \u0219i poate fi atacat\u0103 \u00een termen de zece zile.<\/p>\n<p>Fostul edil, arestat preventiv \u0219i pus ulterior \u00een arest la domiciliu, \u00een 2022, a fost c<span style=\"color: #000000;\"><span style=\"font-family: Times New Roman, serif;\"><span style=\"font-size: large;\">ondamnat, vineri, pentru dou\u0103 infrac\u021biuni de trafic de influen\u021b\u0103, la c\u00e2te trei ani de \u00eenchisoare. Dup\u0103 contopirea pedepselor, a rezultat o pedeaps\u0103 de patru ani, cu executare. Din totalul pedepsei, edilului i se scad perioadele de re\u021binere, arest \u0219i arest la domiociliu.<\/span><\/span><\/span><\/p>\n","protected":false},"excerpt":{"rendered":"<p class=\"text-justify mb-2\" >Fostul primar al comunei Albeni, Silviu Ionu\u021b Stan, a fost condamnat la patru ani cu executare, pentru aranjarea unor concursuri de angajare \u00een prim\u0103rie, scrie presafarastapani.ro. Hot\u0103r\u00e2rea Tribunalului Gorj nu este definitiv\u0103 \u0219i poate fi atacat\u0103 \u00een termen de zece zile. Fostul edil, arestat preventiv [&hellip;]<\/p>\n","protected":false},"author":2,"featured_media":4832,"comment_status":"open","ping_status":"open","sticky":false,"template":"","format":"standard","meta":{"footnotes":""},"categories":[13,2,4],"tags":[],"class_list":["post-6009","post","type-post","status-publish","format-standard","has-post-thumbnail","hentry","category-eveniment","category-featured","category-ultima-ora"],"_links":{"self":[{"href":"https:\/\/radarmedia.ro\/index.php\/wp-json\/wp\/v2\/posts\/6009","targetHints":{"allow":["GET"]}}],"collection":[{"href":"https:\/\/radarmedia.ro\/index.php\/wp-json\/wp\/v2\/posts"}],"about":[{"href":"https:\/\/radarmedia.ro\/index.php\/wp-json\/wp\/v2\/types\/post"}],"author":[{"embeddable":true,"href":"https:\/\/radarmedia.ro\/index.php\/wp-json\/wp\/v2\/users\/2"}],"replies":[{"embeddable":true,"href":"https:\/\/radarmedia.ro\/index.php\/wp-json\/wp\/v2\/comments?post=6009"}],"version-history":[{"count":1,"href":"https:\/\/radarmedia.ro\/index.php\/wp-json\/wp\/v2\/posts\/6009\/revisions"}],"predecessor-version":[{"id":6010,"href":"https:\/\/radarmedia.ro\/index.php\/wp-json\/wp\/v2\/posts\/6009\/revisions\/6010"}],"wp:featuredmedia":[{"embeddable":true,"href":"https:\/\/radarmedia.ro\/index.php\/wp-json\/wp\/v2\/media\/4832"}],"wp:attachment":[{"href":"https:\/\/radarmedia.ro\/index.php\/wp-json\/wp\/v2\/media?parent=6009"}],"wp:term":[{"taxonomy":"category","embeddable":true,"href":"https:\/\/radarmedia.ro\/index.php\/wp-json\/wp\/v2\/categories?post=6009"},{"taxonomy":"post_tag","embeddable":true,"href":"https:\/\/radarmedia.ro\/index.php\/wp-json\/wp\/v2\/tags?post=6009"}],"curies":[{"name":"wp","href":"https:\/\/api.w.org\/{rel}","templated":true}]}}