{"id":609,"date":"2021-06-09T14:41:27","date_gmt":"2021-06-09T11:41:27","guid":{"rendered":"http:\/\/radarmedia.ro\/?p=609"},"modified":"2021-06-09T14:41:27","modified_gmt":"2021-06-09T11:41:27","slug":"au-pradat-o-casa-si-au-plecat-cu-incaltaminte-si-mancare","status":"publish","type":"post","link":"https:\/\/radarmedia.ro\/index.php\/2021\/06\/09\/au-pradat-o-casa-si-au-plecat-cu-incaltaminte-si-mancare\/","title":{"rendered":"Au pr\u0103dat o cas\u0103 \u0219i au plecat cu \u00eenc\u0103l\u021b\u0103minte \u0219i m\u00e2ncare"},"content":{"rendered":"<p>O familie din T\u00e2rgu C\u0103rbune\u0219ti a r\u0103mas f\u0103r\u0103 \u00eenc\u0103l\u021b\u0103minte \u0219i produse alimentare, dup\u0103 ce au fost &#8222;vizita\u021bi&#8221; de ho\u021bi. Capul familiei a sesizat poli\u021bia, care i-a depistat pe autori, doi tineri de 27 \u0219i 31 de ani, din localitate. &#8222;Cu ocazia cercet\u0103rilor efectuate de poli\u021bi\u0219ti, a reie\u0219it faptul c\u0103 \u00een noaptea de 31.05\/01.06.2021, cei doi b\u0103rba\u021bi ar fi p\u0103truns \u00een locuin\u021ba unui b\u0103rbat de 56 de ani, din ora\u0219ul T\u00e2rgu C\u0103rbune\u0219ti, de unde au sustras produse alimentare, dou\u0103 perechi de adida\u0219i \u0219i dou\u0103 p\u0103l\u0103rii, iar pentru a-\u0219i asigura sc\u0103parea, ar fi amenin\u021bat cu acte de violen\u021b\u0103 persoana v\u0103t\u0103mat\u0103. \u00cen cursul zilei de ast\u0103zi, ace\u0219tia vor fi prezenta\u021bi Parchetului de pe l\u00e2ng\u0103 Judec\u0103toria T\u00e2rgu C\u0103rbune\u0219ti, cu propuneri legale&#8221;, au comunicat reprezentan\u021bii IPJ Gorj<strong><em>.<\/em><\/strong><\/p>\n","protected":false},"excerpt":{"rendered":"<p class=\"text-justify mb-2\" >O familie din T\u00e2rgu C\u0103rbune\u0219ti a r\u0103mas f\u0103r\u0103 \u00eenc\u0103l\u021b\u0103minte \u0219i produse alimentare, dup\u0103 ce au fost &#8222;vizita\u021bi&#8221; de ho\u021bi. Capul familiei a sesizat poli\u021bia, care i-a depistat pe autori, doi tineri de 27 \u0219i 31 de ani, din localitate. &#8222;Cu ocazia cercet\u0103rilor efectuate de poli\u021bi\u0219ti, [&hellip;]<\/p>\n","protected":false},"author":1,"featured_media":610,"comment_status":"open","ping_status":"open","sticky":false,"template":"","format":"standard","meta":{"footnotes":""},"categories":[13,2,4],"tags":[],"class_list":["post-609","post","type-post","status-publish","format-standard","has-post-thumbnail","hentry","category-eveniment","category-featured","category-ultima-ora"],"_links":{"self":[{"href":"https:\/\/radarmedia.ro\/index.php\/wp-json\/wp\/v2\/posts\/609","targetHints":{"allow":["GET"]}}],"collection":[{"href":"https:\/\/radarmedia.ro\/index.php\/wp-json\/wp\/v2\/posts"}],"about":[{"href":"https:\/\/radarmedia.ro\/index.php\/wp-json\/wp\/v2\/types\/post"}],"author":[{"embeddable":true,"href":"https:\/\/radarmedia.ro\/index.php\/wp-json\/wp\/v2\/users\/1"}],"replies":[{"embeddable":true,"href":"https:\/\/radarmedia.ro\/index.php\/wp-json\/wp\/v2\/comments?post=609"}],"version-history":[{"count":1,"href":"https:\/\/radarmedia.ro\/index.php\/wp-json\/wp\/v2\/posts\/609\/revisions"}],"predecessor-version":[{"id":611,"href":"https:\/\/radarmedia.ro\/index.php\/wp-json\/wp\/v2\/posts\/609\/revisions\/611"}],"wp:featuredmedia":[{"embeddable":true,"href":"https:\/\/radarmedia.ro\/index.php\/wp-json\/wp\/v2\/media\/610"}],"wp:attachment":[{"href":"https:\/\/radarmedia.ro\/index.php\/wp-json\/wp\/v2\/media?parent=609"}],"wp:term":[{"taxonomy":"category","embeddable":true,"href":"https:\/\/radarmedia.ro\/index.php\/wp-json\/wp\/v2\/categories?post=609"},{"taxonomy":"post_tag","embeddable":true,"href":"https:\/\/radarmedia.ro\/index.php\/wp-json\/wp\/v2\/tags?post=609"}],"curies":[{"name":"wp","href":"https:\/\/api.w.org\/{rel}","templated":true}]}}