{"id":650,"date":"2021-06-15T14:31:42","date_gmt":"2021-06-15T11:31:42","guid":{"rendered":"http:\/\/radarmedia.ro\/?p=650"},"modified":"2021-06-15T14:31:42","modified_gmt":"2021-06-15T11:31:42","slug":"bustul-lui-eminescu-in-centrul-targu-jiului-dupa-5-ani-de-interdictie-reparatie-morala-fata-de-sculptorul-paul-popescu","status":"publish","type":"post","link":"https:\/\/radarmedia.ro\/index.php\/2021\/06\/15\/bustul-lui-eminescu-in-centrul-targu-jiului-dupa-5-ani-de-interdictie-reparatie-morala-fata-de-sculptorul-paul-popescu\/","title":{"rendered":"Bustul lui Eminescu, \u00een centrul T\u00e2rgu Jiului, dup\u0103 5 ani de interdic\u021bie. \u201cRepara\u021bie moral\u0103 fa\u021b\u0103 de sculptorul Paul Popescu\u201d"},"content":{"rendered":"<p>Bustul lui Mihai Eminescu, o sculptur\u0103 realizat\u0103 de Paul Popescu, a fost amplasat \u00een centrul municipiului T\u00e2rgu Jiu, dup\u0103 cinci ani, \u00een care a stat la o firm\u0103 privat\u0103. Sculptura, comandat\u0103 de Prim\u0103ria T\u00e2rgu Jiu, sub conducerea lui Florin C\u00e2rciumaru, a fost refuzat\u0103 de municipalitate, care a invocat motive financiare \u0219i nu mai achitat-o. Pre\u0219edintele directoratului societ\u0103\u021bii Artego, Viorel David, a cump\u0103rat-o \u0219i a vrut s\u0103 o doneze municipalit\u0103\u021bii, dar s-a izbit de refuzul autorit\u0103\u021bilor, de a o amplasa \u00een centrul ora\u0219ului. La o lun\u0103 de la moartea sculptorului \u0219i la cinci ani de la crearea lui, bustul poetului a primit un loc, \u00een apropierea \u201eAleii celebrit\u0103\u021bilor\u201d. Autorul operei a fost propus pentru titlul de cet\u0103\u021bean de onoare al municipiului T\u00e2rgu Jiu, post mortem. La eveniment a fost prezent \u0219i fiul sculptorului Paul Popescu. &#8222;Aduce\u021bi copiii, cu o carte de Eminescu, duminica, s\u0103 citeasc\u0103 aici \u0219i s\u0103 se impresioneze&#8221;, a spus Viorel David.<\/p>\n<p>Primarul din T\u00e2rgu Jiu a declarat c\u0103 este o repara\u021bie moral\u0103 fa\u021b\u0103 de artistul plastic, decedat \u00een urm\u0103 cu o lun\u0103. \u201c\u00cen centrul municipiului T\u00e2rgu Jiu, al\u0103turi de oameni minuna\u021bi, am reparat o mare nedreptate ce i s-a f\u0103cut artistului Paul Popescu, creatorul acestui bust. Mul\u021bumesc domnului Viorel David \u0219i societ\u0103\u021bii ARTEGO pentru dona\u021bia generoas\u0103 f\u0103cut\u0103 municipiului T\u00e2rgu Jiu! Este un gest deosebit, acum, la 132 de ani de la trecerea \u00een nefiin\u021b\u0103 a marelui poet, un bun prilej de reflec\u021bie asupra destinului culturii \u0219i educa\u021biei din municipiul nostru\u201d, a declarat primarul Marcel Romanescu.<\/p>\n","protected":false},"excerpt":{"rendered":"<p class=\"text-justify mb-2\" >Bustul lui Mihai Eminescu, o sculptur\u0103 realizat\u0103 de Paul Popescu, a fost amplasat \u00een centrul municipiului T\u00e2rgu Jiu, dup\u0103 cinci ani, \u00een care a stat la o firm\u0103 privat\u0103. Sculptura, comandat\u0103 de Prim\u0103ria T\u00e2rgu Jiu, sub conducerea lui Florin C\u00e2rciumaru, a fost refuzat\u0103 de municipalitate, [&hellip;]<\/p>\n","protected":false},"author":1,"featured_media":651,"comment_status":"open","ping_status":"open","sticky":false,"template":"","format":"standard","meta":{"footnotes":""},"categories":[5,2,4],"tags":[108,110,109],"class_list":["post-650","post","type-post","status-publish","format-standard","has-post-thumbnail","hentry","category-actualitate","category-featured","category-ultima-ora","tag-bust-eminescu","tag-paul-popescu","tag-targu-jiu"],"_links":{"self":[{"href":"https:\/\/radarmedia.ro\/index.php\/wp-json\/wp\/v2\/posts\/650","targetHints":{"allow":["GET"]}}],"collection":[{"href":"https:\/\/radarmedia.ro\/index.php\/wp-json\/wp\/v2\/posts"}],"about":[{"href":"https:\/\/radarmedia.ro\/index.php\/wp-json\/wp\/v2\/types\/post"}],"author":[{"embeddable":true,"href":"https:\/\/radarmedia.ro\/index.php\/wp-json\/wp\/v2\/users\/1"}],"replies":[{"embeddable":true,"href":"https:\/\/radarmedia.ro\/index.php\/wp-json\/wp\/v2\/comments?post=650"}],"version-history":[{"count":1,"href":"https:\/\/radarmedia.ro\/index.php\/wp-json\/wp\/v2\/posts\/650\/revisions"}],"predecessor-version":[{"id":652,"href":"https:\/\/radarmedia.ro\/index.php\/wp-json\/wp\/v2\/posts\/650\/revisions\/652"}],"wp:featuredmedia":[{"embeddable":true,"href":"https:\/\/radarmedia.ro\/index.php\/wp-json\/wp\/v2\/media\/651"}],"wp:attachment":[{"href":"https:\/\/radarmedia.ro\/index.php\/wp-json\/wp\/v2\/media?parent=650"}],"wp:term":[{"taxonomy":"category","embeddable":true,"href":"https:\/\/radarmedia.ro\/index.php\/wp-json\/wp\/v2\/categories?post=650"},{"taxonomy":"post_tag","embeddable":true,"href":"https:\/\/radarmedia.ro\/index.php\/wp-json\/wp\/v2\/tags?post=650"}],"curies":[{"name":"wp","href":"https:\/\/api.w.org\/{rel}","templated":true}]}}