{"id":6527,"date":"2025-06-06T16:23:48","date_gmt":"2025-06-06T13:23:48","guid":{"rendered":"https:\/\/radarmedia.ro\/?p=6527"},"modified":"2025-06-06T16:23:48","modified_gmt":"2025-06-06T13:23:48","slug":"sofer-cu-123-mg-l-alcool-in-aerul-expirat-prins-dupa-o-tamponare","status":"publish","type":"post","link":"https:\/\/radarmedia.ro\/index.php\/2025\/06\/06\/sofer-cu-123-mg-l-alcool-in-aerul-expirat-prins-dupa-o-tamponare\/","title":{"rendered":"\u0218ofer cu 1,23 mg\/l alcool \u00een aerul expirat, prins dup\u0103 o tamponare"},"content":{"rendered":"<p data-start=\"90\" data-end=\"358\">Un b\u0103rbat de 43 de ani din T\u00e2rgu Jiu a fost depistat de poli\u021bi\u0219tii rutieri \u00een timp ce conducea un autoturism pe strada 14 Octombrie, sub influen\u021ba b\u0103uturilor alcoolice. Testul cu aparatul etilotest a indicat o concentra\u021bie de 1,23 mg\/l alcool pur \u00een aerul expirat.<\/p>\n<p data-start=\"360\" data-end=\"597\">Incidentul s-a petrecut pe 5 iunie \u0219i s-a soldat cu o tamponare, evenimentul rutier gener\u00e2nd doar pagube materiale. \u0218oferul a fost condus la spital pentru recoltarea de probe biologice, \u00een vederea stabilirii exacte a alcoolemiei.\u00a0Pe numele acestuia a fost \u00eentocmit dosar penal pentru conducerea unui vehicul sub influen\u021ba alcoolului, infrac\u021biune prev\u0103zut\u0103 de Codul penal. Cercet\u0103rile continu\u0103 sub coordonarea procurorilor.<\/p>\n","protected":false},"excerpt":{"rendered":"<p class=\"text-justify mb-2\" >Un b\u0103rbat de 43 de ani din T\u00e2rgu Jiu a fost depistat de poli\u021bi\u0219tii rutieri \u00een timp ce conducea un autoturism pe strada 14 Octombrie, sub influen\u021ba b\u0103uturilor alcoolice. Testul cu aparatul etilotest a indicat o concentra\u021bie de 1,23 mg\/l alcool pur \u00een aerul expirat. [&hellip;]<\/p>\n","protected":false},"author":2,"featured_media":1326,"comment_status":"open","ping_status":"open","sticky":false,"template":"","format":"standard","meta":{"footnotes":""},"categories":[13,4],"tags":[],"class_list":["post-6527","post","type-post","status-publish","format-standard","has-post-thumbnail","hentry","category-eveniment","category-ultima-ora"],"_links":{"self":[{"href":"https:\/\/radarmedia.ro\/index.php\/wp-json\/wp\/v2\/posts\/6527","targetHints":{"allow":["GET"]}}],"collection":[{"href":"https:\/\/radarmedia.ro\/index.php\/wp-json\/wp\/v2\/posts"}],"about":[{"href":"https:\/\/radarmedia.ro\/index.php\/wp-json\/wp\/v2\/types\/post"}],"author":[{"embeddable":true,"href":"https:\/\/radarmedia.ro\/index.php\/wp-json\/wp\/v2\/users\/2"}],"replies":[{"embeddable":true,"href":"https:\/\/radarmedia.ro\/index.php\/wp-json\/wp\/v2\/comments?post=6527"}],"version-history":[{"count":1,"href":"https:\/\/radarmedia.ro\/index.php\/wp-json\/wp\/v2\/posts\/6527\/revisions"}],"predecessor-version":[{"id":6528,"href":"https:\/\/radarmedia.ro\/index.php\/wp-json\/wp\/v2\/posts\/6527\/revisions\/6528"}],"wp:featuredmedia":[{"embeddable":true,"href":"https:\/\/radarmedia.ro\/index.php\/wp-json\/wp\/v2\/media\/1326"}],"wp:attachment":[{"href":"https:\/\/radarmedia.ro\/index.php\/wp-json\/wp\/v2\/media?parent=6527"}],"wp:term":[{"taxonomy":"category","embeddable":true,"href":"https:\/\/radarmedia.ro\/index.php\/wp-json\/wp\/v2\/categories?post=6527"},{"taxonomy":"post_tag","embeddable":true,"href":"https:\/\/radarmedia.ro\/index.php\/wp-json\/wp\/v2\/tags?post=6527"}],"curies":[{"name":"wp","href":"https:\/\/api.w.org\/{rel}","templated":true}]}}