{"id":6529,"date":"2025-06-06T16:31:27","date_gmt":"2025-06-06T13:31:27","guid":{"rendered":"https:\/\/radarmedia.ro\/?p=6529"},"modified":"2025-06-06T16:31:27","modified_gmt":"2025-06-06T13:31:27","slug":"tanar-retinut-dupa-ce-si-a-amenintat-tatal-si-a-dat-foc-locuintei","status":"publish","type":"post","link":"https:\/\/radarmedia.ro\/index.php\/2025\/06\/06\/tanar-retinut-dupa-ce-si-a-amenintat-tatal-si-a-dat-foc-locuintei\/","title":{"rendered":"T\u00e2n\u0103r re\u021binut dup\u0103 ce \u0219i-a amenin\u021bat tat\u0103l \u0219i a dat foc locuin\u021bei"},"content":{"rendered":"<p data-start=\"71\" data-end=\"352\">Un t\u00e2n\u0103r de 24 de ani din comuna B\u0103le\u0219ti a fost re\u021binut de poli\u021bi\u0219tii Sec\u021biei 1 Poli\u021bie Rural\u0103 T\u00e2rgu Jiu, fiind acuzat de amenin\u021bare \u0219i distrugere prin incendiere. Incidentul a avut loc \u00een seara zilei de 4 iunie, iar autorul a fost introdus \u00een arest preventiv pentru 24 de ore.<\/p>\n<p data-start=\"354\" data-end=\"729\">Potrivit poli\u021biei, \u00een jurul orei 23:00, t\u00e2n\u0103rul a avut un conflict cu tat\u0103l s\u0103u, \u00een v\u00e2rst\u0103 de 49 de ani, c\u0103ruia i-a adresat amenin\u021b\u0103ri cu moartea, apoi a turnat benzin\u0103 din rezervorul unei drujbe pe u\u0219a locuin\u021bei \u0219i \u00een hol, provoc\u00e2nd un incendiu cu ajutorul unei brichete. Fl\u0103c\u0103rile au distrus u\u0219a de termopan, mai multe covoare \u0219i o parte din parchetul din locuin\u021b\u0103.\u00a0\u00cen urma sesiz\u0103rii la 112, poli\u021bi\u0219tii au intervenit rapid \u0219i au demarat cercet\u0103rile. A fost emis un ordin de protec\u021bie provizori<strong data-start=\"830\" data-end=\"863\">u<\/strong>, iar \u00een cauz\u0103 a fost completat un formular de evaluare a riscului.<\/p>\n<p data-start=\"932\" data-end=\"1042\" data-is-last-node=\"\" data-is-only-node=\"\">\n","protected":false},"excerpt":{"rendered":"<p class=\"text-justify mb-2\" >Un t\u00e2n\u0103r de 24 de ani din comuna B\u0103le\u0219ti a fost re\u021binut de poli\u021bi\u0219tii Sec\u021biei 1 Poli\u021bie Rural\u0103 T\u00e2rgu Jiu, fiind acuzat de amenin\u021bare \u0219i distrugere prin incendiere. Incidentul a avut loc \u00een seara zilei de 4 iunie, iar autorul a fost introdus \u00een arest [&hellip;]<\/p>\n","protected":false},"author":2,"featured_media":6091,"comment_status":"open","ping_status":"open","sticky":false,"template":"","format":"standard","meta":{"footnotes":""},"categories":[13,4],"tags":[],"class_list":["post-6529","post","type-post","status-publish","format-standard","has-post-thumbnail","hentry","category-eveniment","category-ultima-ora"],"_links":{"self":[{"href":"https:\/\/radarmedia.ro\/index.php\/wp-json\/wp\/v2\/posts\/6529","targetHints":{"allow":["GET"]}}],"collection":[{"href":"https:\/\/radarmedia.ro\/index.php\/wp-json\/wp\/v2\/posts"}],"about":[{"href":"https:\/\/radarmedia.ro\/index.php\/wp-json\/wp\/v2\/types\/post"}],"author":[{"embeddable":true,"href":"https:\/\/radarmedia.ro\/index.php\/wp-json\/wp\/v2\/users\/2"}],"replies":[{"embeddable":true,"href":"https:\/\/radarmedia.ro\/index.php\/wp-json\/wp\/v2\/comments?post=6529"}],"version-history":[{"count":1,"href":"https:\/\/radarmedia.ro\/index.php\/wp-json\/wp\/v2\/posts\/6529\/revisions"}],"predecessor-version":[{"id":6530,"href":"https:\/\/radarmedia.ro\/index.php\/wp-json\/wp\/v2\/posts\/6529\/revisions\/6530"}],"wp:featuredmedia":[{"embeddable":true,"href":"https:\/\/radarmedia.ro\/index.php\/wp-json\/wp\/v2\/media\/6091"}],"wp:attachment":[{"href":"https:\/\/radarmedia.ro\/index.php\/wp-json\/wp\/v2\/media?parent=6529"}],"wp:term":[{"taxonomy":"category","embeddable":true,"href":"https:\/\/radarmedia.ro\/index.php\/wp-json\/wp\/v2\/categories?post=6529"},{"taxonomy":"post_tag","embeddable":true,"href":"https:\/\/radarmedia.ro\/index.php\/wp-json\/wp\/v2\/tags?post=6529"}],"curies":[{"name":"wp","href":"https:\/\/api.w.org\/{rel}","templated":true}]}}