{"id":656,"date":"2021-06-16T16:12:50","date_gmt":"2021-06-16T13:12:50","guid":{"rendered":"http:\/\/radarmedia.ro\/?p=656"},"modified":"2021-06-16T16:12:50","modified_gmt":"2021-06-16T13:12:50","slug":"minerii-si-energeticienii-victorie-in-parlament","status":"publish","type":"post","link":"https:\/\/radarmedia.ro\/index.php\/2021\/06\/16\/minerii-si-energeticienii-victorie-in-parlament\/","title":{"rendered":"Minerii \u0219i energeticienii, victorie \u00een Parlament"},"content":{"rendered":"<p>Proiectul de lege care recunoa\u0219te condi\u021biile dificile, ca fiind condi\u021bii speciale de munc\u0103, pentru angaja\u021bii din minerit \u0219i energie \u0219i, implicit, reducerea v\u00e2rstei de pensionare cu 13 ani, a fost aprobat de Camera Deputa\u021bilor. Proiectul a trecut cu 302 voturi \u201cpentru\u201d, 1 \u201c\u00eempotriv\u0103\u201d \u0219i 4 ab\u021bineri.<\/p>\n<p>Angaja\u021bi din Complexul Oltenia au protestat 19 s\u0103pt\u0103m\u00e2ni \u00een Pia\u021ba Prefecturii din T\u00e2rgu Jiu, pentru aceste revendic\u0103ri. Legea intr\u0103 \u00een vigoare, dup\u0103 publicarea \u00een Monitorul Oficial \u0219i d\u0103 dreptul salaria\u021bilor, care au o vechime de minimum 25 de ani, s\u0103 ias\u0103 la pensie la v\u00e2rsta de 52 de ani. Mai multe amendamente aduse proiectului de lege au fost respinse. Unele dintre propuneri vizau aplicarea retroactiv a legii, ceea ce \u00eensemna plata contribu\u021biilor, neachitate pentru condi\u021bii speciale \u0219i un plus la pensie.<\/p>\n<p>Pentru mineri \u0219i energeticieni, trecerea legii este o victorie, \u00een condi\u021biile \u00een care a fost blocat\u0103, timp de un an \u0219i i s-au pus piedici \u00eenainte de a intra \u00een comisiile de specialitate. Politicienii pot \u00eembun\u0103t\u0103\u021bi, \u00eens\u0103, oric\u00e2nd forma actual\u0103, dac\u0103 vor s\u0103-i sprijine pe salaria\u021bi. Parlamentarii de Gorj, de la diferite partide, au promis noi ini\u021biative, \u00een acest sens.<\/p>\n","protected":false},"excerpt":{"rendered":"<p class=\"text-justify mb-2\" >Proiectul de lege care recunoa\u0219te condi\u021biile dificile, ca fiind condi\u021bii speciale de munc\u0103, pentru angaja\u021bii din minerit \u0219i energie \u0219i, implicit, reducerea v\u00e2rstei de pensionare cu 13 ani, a fost aprobat de Camera Deputa\u021bilor. Proiectul a trecut cu 302 voturi \u201cpentru\u201d, 1 \u201c\u00eempotriv\u0103\u201d \u0219i 4 [&hellip;]<\/p>\n","protected":false},"author":1,"featured_media":657,"comment_status":"open","ping_status":"open","sticky":false,"template":"","format":"standard","meta":{"footnotes":""},"categories":[5,2,4],"tags":[],"class_list":["post-656","post","type-post","status-publish","format-standard","has-post-thumbnail","hentry","category-actualitate","category-featured","category-ultima-ora"],"_links":{"self":[{"href":"https:\/\/radarmedia.ro\/index.php\/wp-json\/wp\/v2\/posts\/656","targetHints":{"allow":["GET"]}}],"collection":[{"href":"https:\/\/radarmedia.ro\/index.php\/wp-json\/wp\/v2\/posts"}],"about":[{"href":"https:\/\/radarmedia.ro\/index.php\/wp-json\/wp\/v2\/types\/post"}],"author":[{"embeddable":true,"href":"https:\/\/radarmedia.ro\/index.php\/wp-json\/wp\/v2\/users\/1"}],"replies":[{"embeddable":true,"href":"https:\/\/radarmedia.ro\/index.php\/wp-json\/wp\/v2\/comments?post=656"}],"version-history":[{"count":1,"href":"https:\/\/radarmedia.ro\/index.php\/wp-json\/wp\/v2\/posts\/656\/revisions"}],"predecessor-version":[{"id":658,"href":"https:\/\/radarmedia.ro\/index.php\/wp-json\/wp\/v2\/posts\/656\/revisions\/658"}],"wp:featuredmedia":[{"embeddable":true,"href":"https:\/\/radarmedia.ro\/index.php\/wp-json\/wp\/v2\/media\/657"}],"wp:attachment":[{"href":"https:\/\/radarmedia.ro\/index.php\/wp-json\/wp\/v2\/media?parent=656"}],"wp:term":[{"taxonomy":"category","embeddable":true,"href":"https:\/\/radarmedia.ro\/index.php\/wp-json\/wp\/v2\/categories?post=656"},{"taxonomy":"post_tag","embeddable":true,"href":"https:\/\/radarmedia.ro\/index.php\/wp-json\/wp\/v2\/tags?post=656"}],"curies":[{"name":"wp","href":"https:\/\/api.w.org\/{rel}","templated":true}]}}