{"id":6604,"date":"2025-07-07T23:15:19","date_gmt":"2025-07-07T20:15:19","guid":{"rendered":"https:\/\/radarmedia.ro\/?p=6604"},"modified":"2025-07-07T23:15:19","modified_gmt":"2025-07-07T20:15:19","slug":"pericol-de-incendiu-in-munte-salvamontistii-au-stins-focul","status":"publish","type":"post","link":"https:\/\/radarmedia.ro\/index.php\/2025\/07\/07\/pericol-de-incendiu-in-munte-salvamontistii-au-stins-focul\/","title":{"rendered":"Pericol de incendiu \u00een munte. Salvamonti\u0219tii au stins focul"},"content":{"rendered":"<p>Un brad lovit de fulger a luat foc \u00een apropierea unei st\u00e2ne din zona R\u00e2nca. Salvamonti\u0219tii din cadrul CJ Gorj, afla\u021bi \u00een tur\u0103 la Baza Salvamont R\u00e2nca, au intervenit prompt la apelul 112, \u00eempiedic\u00e2nd extinderea fl\u0103c\u0103rilor \u00een p\u0103dure.<\/p>\n<p>https:\/\/www.facebook.com\/romania.salvamont\/videos\/740326029154667<\/p>\n","protected":false},"excerpt":{"rendered":"<p class=\"text-justify mb-2\" >Un brad lovit de fulger a luat foc \u00een apropierea unei st\u00e2ne din zona R\u00e2nca. Salvamonti\u0219tii din cadrul CJ Gorj, afla\u021bi \u00een tur\u0103 la Baza Salvamont R\u00e2nca, au intervenit prompt la apelul 112, \u00eempiedic\u00e2nd extinderea fl\u0103c\u0103rilor \u00een p\u0103dure. https:\/\/www.facebook.com\/romania.salvamont\/videos\/740326029154667<\/p>\n","protected":false},"author":2,"featured_media":6605,"comment_status":"open","ping_status":"open","sticky":false,"template":"","format":"standard","meta":{"footnotes":""},"categories":[13],"tags":[],"class_list":["post-6604","post","type-post","status-publish","format-standard","has-post-thumbnail","hentry","category-eveniment"],"_links":{"self":[{"href":"https:\/\/radarmedia.ro\/index.php\/wp-json\/wp\/v2\/posts\/6604","targetHints":{"allow":["GET"]}}],"collection":[{"href":"https:\/\/radarmedia.ro\/index.php\/wp-json\/wp\/v2\/posts"}],"about":[{"href":"https:\/\/radarmedia.ro\/index.php\/wp-json\/wp\/v2\/types\/post"}],"author":[{"embeddable":true,"href":"https:\/\/radarmedia.ro\/index.php\/wp-json\/wp\/v2\/users\/2"}],"replies":[{"embeddable":true,"href":"https:\/\/radarmedia.ro\/index.php\/wp-json\/wp\/v2\/comments?post=6604"}],"version-history":[{"count":1,"href":"https:\/\/radarmedia.ro\/index.php\/wp-json\/wp\/v2\/posts\/6604\/revisions"}],"predecessor-version":[{"id":6606,"href":"https:\/\/radarmedia.ro\/index.php\/wp-json\/wp\/v2\/posts\/6604\/revisions\/6606"}],"wp:featuredmedia":[{"embeddable":true,"href":"https:\/\/radarmedia.ro\/index.php\/wp-json\/wp\/v2\/media\/6605"}],"wp:attachment":[{"href":"https:\/\/radarmedia.ro\/index.php\/wp-json\/wp\/v2\/media?parent=6604"}],"wp:term":[{"taxonomy":"category","embeddable":true,"href":"https:\/\/radarmedia.ro\/index.php\/wp-json\/wp\/v2\/categories?post=6604"},{"taxonomy":"post_tag","embeddable":true,"href":"https:\/\/radarmedia.ro\/index.php\/wp-json\/wp\/v2\/tags?post=6604"}],"curies":[{"name":"wp","href":"https:\/\/api.w.org\/{rel}","templated":true}]}}