{"id":6728,"date":"2025-11-26T21:54:41","date_gmt":"2025-11-26T19:54:41","guid":{"rendered":"https:\/\/radarmedia.ro\/?p=6728"},"modified":"2025-11-26T21:54:41","modified_gmt":"2025-11-26T19:54:41","slug":"arbori-doborati-de-vant-pe-dn7","status":"publish","type":"post","link":"https:\/\/radarmedia.ro\/index.php\/2025\/11\/26\/arbori-doborati-de-vant-pe-dn7\/","title":{"rendered":"Arbori dobor\u00e2\u021bi de v\u00e2nt, pe DN7"},"content":{"rendered":"<p data-start=\"75\" data-end=\"250\">Circula\u021bia rutier\u0103 pe DN 7A, \u00eentre localit\u0103\u021bile Brezoi \u0219i Voineasa, a fost \u00eengreunat\u0103 ast\u0103zi din cauza mai multor arbori dobor\u00e2\u021bi pe carosabil de rafalele puternice de v\u00e2nt.\u00a0Echipele Sec\u021biei de Drumuri Na\u021bionale (SDN) V\u00e2lcea au intervenit prompt pentru degajarea drumului, \u00eendep\u0103rt\u00e2nd trunchiurile \u0219i ramurile c\u0103zute, astfel \u00eenc\u00e2t traficul s\u0103 poat\u0103 fi reluat \u00een condi\u021bii de siguran\u021b\u0103.\u00a0Potrivit reprezentan\u021bilor Direc\u021biei Regionale de Drumuri \u0219i Poduri (DRDP) Craiova, angaja\u021bii r\u0103m\u00e2n \u00een continuare \u00een zon\u0103, preg\u0103ti\u021bi s\u0103 intervin\u0103 rapid dac\u0103 situa\u021bia o va impune, av\u00e2nd \u00een vedere condi\u021biile meteo instabile.\u00a0\u0218oferii sunt sf\u0103tui\u021bi s\u0103 circule cu pruden\u021b\u0103 \u0219i s\u0103 adapteze viteza la condi\u021biile de drum.<\/p>\n","protected":false},"excerpt":{"rendered":"<p class=\"text-justify mb-2\" >Circula\u021bia rutier\u0103 pe DN 7A, \u00eentre localit\u0103\u021bile Brezoi \u0219i Voineasa, a fost \u00eengreunat\u0103 ast\u0103zi din cauza mai multor arbori dobor\u00e2\u021bi pe carosabil de rafalele puternice de v\u00e2nt.\u00a0Echipele Sec\u021biei de Drumuri Na\u021bionale (SDN) V\u00e2lcea au intervenit prompt pentru degajarea drumului, \u00eendep\u0103rt\u00e2nd trunchiurile \u0219i ramurile c\u0103zute, astfel [&hellip;]<\/p>\n","protected":false},"author":2,"featured_media":6729,"comment_status":"open","ping_status":"open","sticky":false,"template":"","format":"standard","meta":{"footnotes":""},"categories":[13,4],"tags":[],"class_list":["post-6728","post","type-post","status-publish","format-standard","has-post-thumbnail","hentry","category-eveniment","category-ultima-ora"],"_links":{"self":[{"href":"https:\/\/radarmedia.ro\/index.php\/wp-json\/wp\/v2\/posts\/6728","targetHints":{"allow":["GET"]}}],"collection":[{"href":"https:\/\/radarmedia.ro\/index.php\/wp-json\/wp\/v2\/posts"}],"about":[{"href":"https:\/\/radarmedia.ro\/index.php\/wp-json\/wp\/v2\/types\/post"}],"author":[{"embeddable":true,"href":"https:\/\/radarmedia.ro\/index.php\/wp-json\/wp\/v2\/users\/2"}],"replies":[{"embeddable":true,"href":"https:\/\/radarmedia.ro\/index.php\/wp-json\/wp\/v2\/comments?post=6728"}],"version-history":[{"count":1,"href":"https:\/\/radarmedia.ro\/index.php\/wp-json\/wp\/v2\/posts\/6728\/revisions"}],"predecessor-version":[{"id":6730,"href":"https:\/\/radarmedia.ro\/index.php\/wp-json\/wp\/v2\/posts\/6728\/revisions\/6730"}],"wp:featuredmedia":[{"embeddable":true,"href":"https:\/\/radarmedia.ro\/index.php\/wp-json\/wp\/v2\/media\/6729"}],"wp:attachment":[{"href":"https:\/\/radarmedia.ro\/index.php\/wp-json\/wp\/v2\/media?parent=6728"}],"wp:term":[{"taxonomy":"category","embeddable":true,"href":"https:\/\/radarmedia.ro\/index.php\/wp-json\/wp\/v2\/categories?post=6728"},{"taxonomy":"post_tag","embeddable":true,"href":"https:\/\/radarmedia.ro\/index.php\/wp-json\/wp\/v2\/tags?post=6728"}],"curies":[{"name":"wp","href":"https:\/\/api.w.org\/{rel}","templated":true}]}}