{"id":678,"date":"2021-06-17T16:24:10","date_gmt":"2021-06-17T13:24:10","guid":{"rendered":"http:\/\/radarmedia.ro\/?p=678"},"modified":"2021-06-17T16:25:28","modified_gmt":"2021-06-17T13:25:28","slug":"promite-500-noi-locuri-noi-in-parcarile-de-bloc","status":"publish","type":"post","link":"https:\/\/radarmedia.ro\/index.php\/2021\/06\/17\/promite-500-noi-locuri-noi-in-parcarile-de-bloc\/","title":{"rendered":"Promite 500 noi locuri, \u00een parc\u0103rile de bloc"},"content":{"rendered":"<p>Viceprimarul din T\u00e2rgu Jiu, Bogdan Bejinaru, spune c\u0103, p\u00e2n\u0103 la finalul anului \u00een curs, \u00een municipiu pot fi amenajate 500 de noi locuri de parcare. P\u00e2n\u0103 acum, au fost create 180, toate \u00een cartierele din ora\u0219. &#8222;Suntem \u00een continuare \u00een execu\u021bie, la anumite parc\u0103ri. C\u0103ut\u0103m \u00een continuare solu\u021bii \u00een cartiere, pentru crearea de noi locuri de parcare, acolo unde identific\u0103m terenuri care nu pot fi considerate nici spa\u021bii verzi, nici nu erau utilizate. M\u00e2ine se vor vota indicatorii pentru proiectul din cartierul Plopilor, unde avem 100 de locuri de parcare noi. El va intra \u00een execu\u021bie \u00een aproximativ dou\u0103-trei s\u0103pt\u0103m\u00e2ni. \u00cemi doresc s\u0103 m\u0103 apropii de 500 de locuri de parcare noi, p\u00e2n\u0103 la sf\u00e2r\u0219itul anului, \u00een parc\u0103rile de re\u0219edin\u021b\u0103&#8221;, a declarat viceprimarul Bogdan Bejinaru. \u00cen aceast\u0103 var\u0103, autorit\u0103\u021bile locale vor demara lucr\u0103rile la o parcare subteran\u0103, \u00een parcul din fa\u021ba Spitalului &#8222;Tudor Vladimirescu&#8221;.<\/p>\n","protected":false},"excerpt":{"rendered":"<p class=\"text-justify mb-2\" >Viceprimarul din T\u00e2rgu Jiu, Bogdan Bejinaru, spune c\u0103, p\u00e2n\u0103 la finalul anului \u00een curs, \u00een municipiu pot fi amenajate 500 de noi locuri de parcare. P\u00e2n\u0103 acum, au fost create 180, toate \u00een cartierele din ora\u0219. &#8222;Suntem \u00een continuare \u00een execu\u021bie, la anumite parc\u0103ri. C\u0103ut\u0103m [&hellip;]<\/p>\n","protected":false},"author":1,"featured_media":679,"comment_status":"open","ping_status":"open","sticky":false,"template":"","format":"standard","meta":{"footnotes":""},"categories":[5,4],"tags":[],"class_list":["post-678","post","type-post","status-publish","format-standard","has-post-thumbnail","hentry","category-actualitate","category-ultima-ora"],"_links":{"self":[{"href":"https:\/\/radarmedia.ro\/index.php\/wp-json\/wp\/v2\/posts\/678","targetHints":{"allow":["GET"]}}],"collection":[{"href":"https:\/\/radarmedia.ro\/index.php\/wp-json\/wp\/v2\/posts"}],"about":[{"href":"https:\/\/radarmedia.ro\/index.php\/wp-json\/wp\/v2\/types\/post"}],"author":[{"embeddable":true,"href":"https:\/\/radarmedia.ro\/index.php\/wp-json\/wp\/v2\/users\/1"}],"replies":[{"embeddable":true,"href":"https:\/\/radarmedia.ro\/index.php\/wp-json\/wp\/v2\/comments?post=678"}],"version-history":[{"count":2,"href":"https:\/\/radarmedia.ro\/index.php\/wp-json\/wp\/v2\/posts\/678\/revisions"}],"predecessor-version":[{"id":681,"href":"https:\/\/radarmedia.ro\/index.php\/wp-json\/wp\/v2\/posts\/678\/revisions\/681"}],"wp:featuredmedia":[{"embeddable":true,"href":"https:\/\/radarmedia.ro\/index.php\/wp-json\/wp\/v2\/media\/679"}],"wp:attachment":[{"href":"https:\/\/radarmedia.ro\/index.php\/wp-json\/wp\/v2\/media?parent=678"}],"wp:term":[{"taxonomy":"category","embeddable":true,"href":"https:\/\/radarmedia.ro\/index.php\/wp-json\/wp\/v2\/categories?post=678"},{"taxonomy":"post_tag","embeddable":true,"href":"https:\/\/radarmedia.ro\/index.php\/wp-json\/wp\/v2\/tags?post=678"}],"curies":[{"name":"wp","href":"https:\/\/api.w.org\/{rel}","templated":true}]}}