{"id":6794,"date":"2026-01-29T16:45:50","date_gmt":"2026-01-29T14:45:50","guid":{"rendered":"https:\/\/radarmedia.ro\/?p=6794"},"modified":"2026-01-29T16:45:50","modified_gmt":"2026-01-29T14:45:50","slug":"peste-70-din-masinile-inmatriculate-in-2025-au-fost-second-hand","status":"publish","type":"post","link":"https:\/\/radarmedia.ro\/index.php\/2026\/01\/29\/peste-70-din-masinile-inmatriculate-in-2025-au-fost-second-hand\/","title":{"rendered":"Peste 70% din ma\u0219inile \u00eenmatriculate \u00een 2025 au fost second hand"},"content":{"rendered":"<p><span style=\"font-size: large;\">\u0218apte din zece autoturisme \u00eenmatriculate \u00een Rom\u00e2nia \u00een 2025 au fost <\/span><span style=\"font-size: large;\">second-hand (71,47%)<\/span><span style=\"font-size: large;\">, dintr-un total de <\/span><span style=\"font-size: large;\">548.612 vehicule<\/span><span style=\"font-size: large;\">, arat\u0103 o analiz\u0103 Plus-Auto.ro. <\/span><span style=\"font-size: large;\">Volkswagen<\/span><span style=\"font-size: large;\"> este cea mai c\u0103utat\u0103 marc\u0103 (27% din total, \u00een special modelul <\/span><span style=\"font-size: large;\">Golf<\/span><span style=\"font-size: large;\">), urmat\u0103 de <\/span><span style=\"font-size: large;\">Dacia<\/span><span style=\"font-size: large;\"> \u0219i <\/span><span style=\"font-size: large;\">BMW<\/span><span style=\"font-size: large;\">, \u00een timp ce pe segmentul ma\u0219inilor noi lider r\u0103m\u00e2ne <\/span><span style=\"font-size: large;\">Dacia<\/span><span style=\"font-size: large;\">. La motoriz\u0103ri, <\/span><span style=\"font-size: large;\">dieselul<\/span><span style=\"font-size: large;\"> domin\u0103 (48%), urmat de <\/span><span style=\"font-size: large;\">benzin\u0103<\/span><span style=\"font-size: large;\"> \u0219i <\/span><span style=\"font-size: large;\">hibride<\/span><span style=\"font-size: large;\">, iar la electrice competi\u021bia se duce \u00eentre <\/span><span style=\"font-size: large;\">Tesla<\/span><span style=\"font-size: large;\"> \u0219i <\/span><span style=\"font-size: large;\">BYD<\/span><span style=\"font-size: large;\">.<\/span><\/p>\n","protected":false},"excerpt":{"rendered":"<p class=\"text-justify mb-2\" >\u0218apte din zece autoturisme \u00eenmatriculate \u00een Rom\u00e2nia \u00een 2025 au fost second-hand (71,47%), dintr-un total de 548.612 vehicule, arat\u0103 o analiz\u0103 Plus-Auto.ro. Volkswagen este cea mai c\u0103utat\u0103 marc\u0103 (27% din total, \u00een special modelul Golf), urmat\u0103 de Dacia \u0219i BMW, \u00een timp ce pe segmentul [&hellip;]<\/p>\n","protected":false},"author":2,"featured_media":6795,"comment_status":"open","ping_status":"open","sticky":false,"template":"","format":"standard","meta":{"footnotes":""},"categories":[7,4],"tags":[],"class_list":["post-6794","post","type-post","status-publish","format-standard","has-post-thumbnail","hentry","category-economie","category-ultima-ora"],"_links":{"self":[{"href":"https:\/\/radarmedia.ro\/index.php\/wp-json\/wp\/v2\/posts\/6794","targetHints":{"allow":["GET"]}}],"collection":[{"href":"https:\/\/radarmedia.ro\/index.php\/wp-json\/wp\/v2\/posts"}],"about":[{"href":"https:\/\/radarmedia.ro\/index.php\/wp-json\/wp\/v2\/types\/post"}],"author":[{"embeddable":true,"href":"https:\/\/radarmedia.ro\/index.php\/wp-json\/wp\/v2\/users\/2"}],"replies":[{"embeddable":true,"href":"https:\/\/radarmedia.ro\/index.php\/wp-json\/wp\/v2\/comments?post=6794"}],"version-history":[{"count":1,"href":"https:\/\/radarmedia.ro\/index.php\/wp-json\/wp\/v2\/posts\/6794\/revisions"}],"predecessor-version":[{"id":6796,"href":"https:\/\/radarmedia.ro\/index.php\/wp-json\/wp\/v2\/posts\/6794\/revisions\/6796"}],"wp:featuredmedia":[{"embeddable":true,"href":"https:\/\/radarmedia.ro\/index.php\/wp-json\/wp\/v2\/media\/6795"}],"wp:attachment":[{"href":"https:\/\/radarmedia.ro\/index.php\/wp-json\/wp\/v2\/media?parent=6794"}],"wp:term":[{"taxonomy":"category","embeddable":true,"href":"https:\/\/radarmedia.ro\/index.php\/wp-json\/wp\/v2\/categories?post=6794"},{"taxonomy":"post_tag","embeddable":true,"href":"https:\/\/radarmedia.ro\/index.php\/wp-json\/wp\/v2\/tags?post=6794"}],"curies":[{"name":"wp","href":"https:\/\/api.w.org\/{rel}","templated":true}]}}