{"id":682,"date":"2021-06-17T18:48:41","date_gmt":"2021-06-17T15:48:41","guid":{"rendered":"http:\/\/radarmedia.ro\/?p=682"},"modified":"2021-06-17T18:48:41","modified_gmt":"2021-06-17T15:48:41","slug":"si-a-sarbatorit-ziua-de-nastere-cu-protestatarii","status":"publish","type":"post","link":"https:\/\/radarmedia.ro\/index.php\/2021\/06\/17\/si-a-sarbatorit-ziua-de-nastere-cu-protestatarii\/","title":{"rendered":"\u0218i-a s\u0103rb\u0103torit ziua de na\u0219tere cu protestatarii"},"content":{"rendered":"<p>Unul dintre protestatarii din Complexul Oltenia \u0219i-a s\u0103rb\u0103torit aniversarea \u00een strad\u0103, al\u0103turi de minerii \u0219i energeticienii care \u00ee\u0219i strig\u0103 revendic\u0103rile. Dup\u0103 terminarea protestului de dou\u0103 ore, Daniel D\u0103nil\u0103 a \u00eenchinat un pahar de \u0219ampanie cu ceilal\u021bi protestatari. Nu \u00een pahare cu picior, ci \u00een unele din carton. Angajatul care a sus\u021binut cauza minerilor \u0219i la capital\u0103, a fost felicitat de sute de persoane, pe pagina de Facebook. Daniel D\u0103nil\u0103 este unul dintre cei care au f\u0103cut greva foamei, \u00een fa\u021ba Guvernului, c\u00e2nd proiectul de lege privind recunoa\u0219terea condi\u021biilor de munc\u0103 \u0219i reducerea v\u00e2rstei de pensionare era blocat, din cauza unui aviz, pe care ministerul nu-l trimitea spre Parlament.<\/p>\n<p><img loading=\"lazy\" decoding=\"async\" class=\"alignleft size-medium wp-image-683\" src=\"http:\/\/radarmedia.ro\/wp-content\/uploads\/2021\/06\/danila-223x300.jpg\" alt=\"\" width=\"223\" height=\"300\" srcset=\"https:\/\/radarmedia.ro\/wp-content\/uploads\/2021\/06\/danila-223x300.jpg 223w, https:\/\/radarmedia.ro\/wp-content\/uploads\/2021\/06\/danila-312x420.jpg 312w, https:\/\/radarmedia.ro\/wp-content\/uploads\/2021\/06\/danila.jpg 526w\" sizes=\"auto, (max-width: 223px) 100vw, 223px\" \/><img loading=\"lazy\" decoding=\"async\" class=\"alignleft size-medium wp-image-684\" src=\"http:\/\/radarmedia.ro\/wp-content\/uploads\/2021\/06\/greva-foamei-225x300.jpg\" alt=\"\" width=\"225\" height=\"300\" srcset=\"https:\/\/radarmedia.ro\/wp-content\/uploads\/2021\/06\/greva-foamei-225x300.jpg 225w, https:\/\/radarmedia.ro\/wp-content\/uploads\/2021\/06\/greva-foamei-768x1024.jpg 768w, https:\/\/radarmedia.ro\/wp-content\/uploads\/2021\/06\/greva-foamei-1152x1536.jpg 1152w, https:\/\/radarmedia.ro\/wp-content\/uploads\/2021\/06\/greva-foamei-696x928.jpg 696w, https:\/\/radarmedia.ro\/wp-content\/uploads\/2021\/06\/greva-foamei-1068x1424.jpg 1068w, https:\/\/radarmedia.ro\/wp-content\/uploads\/2021\/06\/greva-foamei-315x420.jpg 315w, https:\/\/radarmedia.ro\/wp-content\/uploads\/2021\/06\/greva-foamei.jpg 1536w\" sizes=\"auto, (max-width: 225px) 100vw, 225px\" \/><img loading=\"lazy\" decoding=\"async\" class=\"alignleft size-medium wp-image-685\" src=\"http:\/\/radarmedia.ro\/wp-content\/uploads\/2021\/06\/protestatari-300x225.jpg\" alt=\"\" width=\"300\" height=\"225\" srcset=\"https:\/\/radarmedia.ro\/wp-content\/uploads\/2021\/06\/protestatari-300x225.jpg 300w, https:\/\/radarmedia.ro\/wp-content\/uploads\/2021\/06\/protestatari-1024x769.jpg 1024w, https:\/\/radarmedia.ro\/wp-content\/uploads\/2021\/06\/protestatari-768x577.jpg 768w, https:\/\/radarmedia.ro\/wp-content\/uploads\/2021\/06\/protestatari-80x60.jpg 80w, https:\/\/radarmedia.ro\/wp-content\/uploads\/2021\/06\/protestatari-265x198.jpg 265w, https:\/\/radarmedia.ro\/wp-content\/uploads\/2021\/06\/protestatari-696x522.jpg 696w, https:\/\/radarmedia.ro\/wp-content\/uploads\/2021\/06\/protestatari-1068x802.jpg 1068w, https:\/\/radarmedia.ro\/wp-content\/uploads\/2021\/06\/protestatari-559x420.jpg 559w, https:\/\/radarmedia.ro\/wp-content\/uploads\/2021\/06\/protestatari.jpg 1440w\" sizes=\"auto, (max-width: 300px) 100vw, 300px\" \/><\/p>\n","protected":false},"excerpt":{"rendered":"<p class=\"text-justify mb-2\" >Unul dintre protestatarii din Complexul Oltenia \u0219i-a s\u0103rb\u0103torit aniversarea \u00een strad\u0103, al\u0103turi de minerii \u0219i energeticienii care \u00ee\u0219i strig\u0103 revendic\u0103rile. Dup\u0103 terminarea protestului de dou\u0103 ore, Daniel D\u0103nil\u0103 a \u00eenchinat un pahar de \u0219ampanie cu ceilal\u021bi protestatari. Nu \u00een pahare cu picior, ci \u00een unele [&hellip;]<\/p>\n","protected":false},"author":1,"featured_media":683,"comment_status":"open","ping_status":"open","sticky":false,"template":"","format":"standard","meta":{"footnotes":""},"categories":[13,2,4],"tags":[],"class_list":["post-682","post","type-post","status-publish","format-standard","has-post-thumbnail","hentry","category-eveniment","category-featured","category-ultima-ora"],"_links":{"self":[{"href":"https:\/\/radarmedia.ro\/index.php\/wp-json\/wp\/v2\/posts\/682","targetHints":{"allow":["GET"]}}],"collection":[{"href":"https:\/\/radarmedia.ro\/index.php\/wp-json\/wp\/v2\/posts"}],"about":[{"href":"https:\/\/radarmedia.ro\/index.php\/wp-json\/wp\/v2\/types\/post"}],"author":[{"embeddable":true,"href":"https:\/\/radarmedia.ro\/index.php\/wp-json\/wp\/v2\/users\/1"}],"replies":[{"embeddable":true,"href":"https:\/\/radarmedia.ro\/index.php\/wp-json\/wp\/v2\/comments?post=682"}],"version-history":[{"count":1,"href":"https:\/\/radarmedia.ro\/index.php\/wp-json\/wp\/v2\/posts\/682\/revisions"}],"predecessor-version":[{"id":686,"href":"https:\/\/radarmedia.ro\/index.php\/wp-json\/wp\/v2\/posts\/682\/revisions\/686"}],"wp:featuredmedia":[{"embeddable":true,"href":"https:\/\/radarmedia.ro\/index.php\/wp-json\/wp\/v2\/media\/683"}],"wp:attachment":[{"href":"https:\/\/radarmedia.ro\/index.php\/wp-json\/wp\/v2\/media?parent=682"}],"wp:term":[{"taxonomy":"category","embeddable":true,"href":"https:\/\/radarmedia.ro\/index.php\/wp-json\/wp\/v2\/categories?post=682"},{"taxonomy":"post_tag","embeddable":true,"href":"https:\/\/radarmedia.ro\/index.php\/wp-json\/wp\/v2\/tags?post=682"}],"curies":[{"name":"wp","href":"https:\/\/api.w.org\/{rel}","templated":true}]}}