{"id":6838,"date":"2026-04-23T21:55:06","date_gmt":"2026-04-23T18:55:06","guid":{"rendered":"https:\/\/radarmedia.ro\/?p=6838"},"modified":"2026-04-23T21:55:06","modified_gmt":"2026-04-23T18:55:06","slug":"reteaua-care-vindea-droguri-elevilor-arestata-30-de-zile-13-persoane-dupa-gratii","status":"publish","type":"post","link":"https:\/\/radarmedia.ro\/index.php\/2026\/04\/23\/reteaua-care-vindea-droguri-elevilor-arestata-30-de-zile-13-persoane-dupa-gratii\/","title":{"rendered":"Re\u021beaua care vindea droguri elevilor, arestat\u0103 30 de zile. 13 persoane, dup\u0103 gratii"},"content":{"rendered":"<p>13 suspec\u021bi, re\u021binu\u021bi \u00een urma perchezi\u021biilor desf\u0103\u0219urate pe 22 aprilie \u00een jude\u021bele Gorj, Mehedin\u021bi \u0219i Timi\u0219, au fost aresta\u021bi preventiv pentru 30 de zile, \u00eentr-un dosar de criminalitate organizat\u0103, trafic de droguri \u0219i opera\u021biuni ilegale cu substan\u021be psihoactive. Ancheta, coordonat\u0103 de procurorii D.I.I.C.O.T. Gorj, a vizat destructurarea unei grup\u0103ri infrac\u021bionale constituite la finalul anului 2025, format\u0103 ini\u021bial din patru persoane, care urm\u0103reau ob\u021binerea de profituri din v\u00e2nzarea de droguri de risc \u0219i mare risc.<br \/>\nPotrivit anchetatorilor, liderul grup\u0103rii nu doar c\u0103 se ocupa de aprovizionare \u0219i distribu\u021bie, ci \u00eei instruia pe ceilal\u021bi membri \u00een prepararea \u0219i por\u021bionarea substan\u021belor interzise. Ulterior, re\u021beaua s-a extins cu \u00eenc\u0103 \u0219apte membri, responsabili \u00een principal de transportul \u0219i comercializarea drogurilor. \u00cen paralel, alte dou\u0103 persoane din anturajul grup\u0103rii, f\u0103r\u0103 a face parte oficial din aceasta, ar fi participat la distribu\u021bia substan\u021belor, procur\u00e2ndu-le \u00een special de la membrii re\u021belei.<br \/>\nInvestiga\u021biile au scos la iveal\u0103 metodele folosite de trafican\u021bi pentru a evita depistarea, inclusiv sistemul \u201edead drop\u201d, prin care drogurile erau ascunse \u00een diverse loca\u021bii, iar cump\u0103r\u0103torii primeau coordonatele dup\u0103 efectuarea pl\u0103\u021bii. \u00cen numeroase cazuri, tranzac\u021biile erau realizate \u00een criptomonede, ulterior convertite \u0219i stocate \u00een portofele electronice. Pre\u021burile practicate erau de 100 de lei pentru un gram de substan\u021b\u0103, iar pentru fidelizarea clien\u021bilor erau oferite reduceri, trei grame fiind v\u00e2ndute cu 250 de lei.<br \/>\nUn aspect deosebit de grav eviden\u021biat de anchet\u0103 este faptul c\u0103 majoritatea clien\u021bilor identifica\u021bi erau elevi ai unor unit\u0103\u021bi de \u00eenv\u0103\u021b\u0103m\u00e2nt din jude\u021bul Gorj, unii dintre ace\u0219tia av\u00e2nd v\u00e2rste de p\u00e2n\u0103 la 15 ani.<br \/>\n\u00cen urma perchezi\u021biilor, anchetatorii au indisponibilizat cantit\u0103\u021bi importante de droguri \u0219i substan\u021be psihoactive, aparate de m\u0103surat gramajele \u0219i pistoale<\/p>\n","protected":false},"excerpt":{"rendered":"<p class=\"text-justify mb-2\" >13 suspec\u021bi, re\u021binu\u021bi \u00een urma perchezi\u021biilor desf\u0103\u0219urate pe 22 aprilie \u00een jude\u021bele Gorj, Mehedin\u021bi \u0219i Timi\u0219, au fost aresta\u021bi preventiv pentru 30 de zile, \u00eentr-un dosar de criminalitate organizat\u0103, trafic de droguri \u0219i opera\u021biuni ilegale cu substan\u021be psihoactive. Ancheta, coordonat\u0103 de procurorii D.I.I.C.O.T. Gorj, a [&hellip;]<\/p>\n","protected":false},"author":2,"featured_media":6272,"comment_status":"open","ping_status":"open","sticky":false,"template":"","format":"standard","meta":{"footnotes":""},"categories":[13],"tags":[],"class_list":["post-6838","post","type-post","status-publish","format-standard","has-post-thumbnail","hentry","category-eveniment"],"_links":{"self":[{"href":"https:\/\/radarmedia.ro\/index.php\/wp-json\/wp\/v2\/posts\/6838","targetHints":{"allow":["GET"]}}],"collection":[{"href":"https:\/\/radarmedia.ro\/index.php\/wp-json\/wp\/v2\/posts"}],"about":[{"href":"https:\/\/radarmedia.ro\/index.php\/wp-json\/wp\/v2\/types\/post"}],"author":[{"embeddable":true,"href":"https:\/\/radarmedia.ro\/index.php\/wp-json\/wp\/v2\/users\/2"}],"replies":[{"embeddable":true,"href":"https:\/\/radarmedia.ro\/index.php\/wp-json\/wp\/v2\/comments?post=6838"}],"version-history":[{"count":1,"href":"https:\/\/radarmedia.ro\/index.php\/wp-json\/wp\/v2\/posts\/6838\/revisions"}],"predecessor-version":[{"id":6839,"href":"https:\/\/radarmedia.ro\/index.php\/wp-json\/wp\/v2\/posts\/6838\/revisions\/6839"}],"wp:featuredmedia":[{"embeddable":true,"href":"https:\/\/radarmedia.ro\/index.php\/wp-json\/wp\/v2\/media\/6272"}],"wp:attachment":[{"href":"https:\/\/radarmedia.ro\/index.php\/wp-json\/wp\/v2\/media?parent=6838"}],"wp:term":[{"taxonomy":"category","embeddable":true,"href":"https:\/\/radarmedia.ro\/index.php\/wp-json\/wp\/v2\/categories?post=6838"},{"taxonomy":"post_tag","embeddable":true,"href":"https:\/\/radarmedia.ro\/index.php\/wp-json\/wp\/v2\/tags?post=6838"}],"curies":[{"name":"wp","href":"https:\/\/api.w.org\/{rel}","templated":true}]}}