{"id":6851,"date":"2026-05-08T14:17:31","date_gmt":"2026-05-08T11:17:31","guid":{"rendered":"https:\/\/radarmedia.ro\/?p=6851"},"modified":"2026-05-08T14:17:31","modified_gmt":"2026-05-08T11:17:31","slug":"deficit-de-medici-la-spitalul-judetean-targu-jiu-cazuri-redirectionate-la-alte-spitale","status":"publish","type":"post","link":"https:\/\/radarmedia.ro\/index.php\/2026\/05\/08\/deficit-de-medici-la-spitalul-judetean-targu-jiu-cazuri-redirectionate-la-alte-spitale\/","title":{"rendered":"Deficit de medici la Spitalul Jude\u021bean T\u00e2rgu Jiu. Cazuri redirec\u021bionate la alte spitale"},"content":{"rendered":"<p>Spitalul Jude\u021bean de Urgen\u021b\u0103 T\u00e2rgu-Jiu se confrunt\u0103 \u00een continuare cu lipsa medicilor, situa\u021bie care a dus \u00een ultimele zile la func\u021bionarea par\u021bial\u0103 a unor linii de gard\u0103 \u0219i la redirec\u021bionarea unor urgen\u021be c\u0103tre alte unit\u0103\u021bi medicale din jude\u021b. Potrivit conducerii spitalului, citat\u0103 de pandurul.ro, garda la Cardiologie a fost asigurat\u0103 doar \u00een intervalul 15:00\u201321:00, iar la Neurologie \u00eentre orele 15:00\u201319:00, din cauza deficitului de personal medical. Unele cazuri au fost direc\u021bionate c\u0103tre Spitalul Or\u0103\u0219enesc de Urgen\u021b\u0103 T\u00e2rgu-C\u0103rbune\u0219ti.<\/p>\n<p>La Oftalmologie nu a existat linie de gard\u0103, \u00eens\u0103 urgen\u021bele au fost preluate \u00een Ambulatoriul Integrat al spitalului. Potrivit conducerii, anumite linii de gard\u0103 sunt acoperite \u0219i de medici reziden\u021bi, \u00een condi\u021biile \u00een care angaj\u0103rile prin concurs sunt \u00een continuare blocate.<\/p>\n","protected":false},"excerpt":{"rendered":"<p class=\"text-justify mb-2\" >Spitalul Jude\u021bean de Urgen\u021b\u0103 T\u00e2rgu-Jiu se confrunt\u0103 \u00een continuare cu lipsa medicilor, situa\u021bie care a dus \u00een ultimele zile la func\u021bionarea par\u021bial\u0103 a unor linii de gard\u0103 \u0219i la redirec\u021bionarea unor urgen\u021be c\u0103tre alte unit\u0103\u021bi medicale din jude\u021b. Potrivit conducerii spitalului, citat\u0103 de pandurul.ro, garda [&hellip;]<\/p>\n","protected":false},"author":2,"featured_media":1176,"comment_status":"open","ping_status":"open","sticky":false,"template":"","format":"standard","meta":{"footnotes":""},"categories":[5,1,2,4],"tags":[],"class_list":["post-6851","post","type-post","status-publish","format-standard","has-post-thumbnail","hentry","category-actualitate","category-fara-categorie","category-featured","category-ultima-ora"],"_links":{"self":[{"href":"https:\/\/radarmedia.ro\/index.php\/wp-json\/wp\/v2\/posts\/6851","targetHints":{"allow":["GET"]}}],"collection":[{"href":"https:\/\/radarmedia.ro\/index.php\/wp-json\/wp\/v2\/posts"}],"about":[{"href":"https:\/\/radarmedia.ro\/index.php\/wp-json\/wp\/v2\/types\/post"}],"author":[{"embeddable":true,"href":"https:\/\/radarmedia.ro\/index.php\/wp-json\/wp\/v2\/users\/2"}],"replies":[{"embeddable":true,"href":"https:\/\/radarmedia.ro\/index.php\/wp-json\/wp\/v2\/comments?post=6851"}],"version-history":[{"count":1,"href":"https:\/\/radarmedia.ro\/index.php\/wp-json\/wp\/v2\/posts\/6851\/revisions"}],"predecessor-version":[{"id":6852,"href":"https:\/\/radarmedia.ro\/index.php\/wp-json\/wp\/v2\/posts\/6851\/revisions\/6852"}],"wp:featuredmedia":[{"embeddable":true,"href":"https:\/\/radarmedia.ro\/index.php\/wp-json\/wp\/v2\/media\/1176"}],"wp:attachment":[{"href":"https:\/\/radarmedia.ro\/index.php\/wp-json\/wp\/v2\/media?parent=6851"}],"wp:term":[{"taxonomy":"category","embeddable":true,"href":"https:\/\/radarmedia.ro\/index.php\/wp-json\/wp\/v2\/categories?post=6851"},{"taxonomy":"post_tag","embeddable":true,"href":"https:\/\/radarmedia.ro\/index.php\/wp-json\/wp\/v2\/tags?post=6851"}],"curies":[{"name":"wp","href":"https:\/\/api.w.org\/{rel}","templated":true}]}}