{"id":6854,"date":"2026-05-09T09:49:08","date_gmt":"2026-05-09T06:49:08","guid":{"rendered":"https:\/\/radarmedia.ro\/?p=6854"},"modified":"2026-05-09T09:49:08","modified_gmt":"2026-05-09T06:49:08","slug":"tir-rasturnat-si-trafic-blocat-complet-la-tantareni-soferul-a-murit-in-cabina","status":"publish","type":"post","link":"https:\/\/radarmedia.ro\/index.php\/2026\/05\/09\/tir-rasturnat-si-trafic-blocat-complet-la-tantareni-soferul-a-murit-in-cabina\/","title":{"rendered":"TIR r\u0103sturnat \u0219i trafic blocat complet la \u021a\u00e2n\u021b\u0103reni. \u0218oferul a murit \u00een cabin\u0103"},"content":{"rendered":"<div class=\"\" data-turn-id-container=\"request-WEB:f16500a8-f703-4125-a75c-2d984e7f9148-0\" data-is-intersecting=\"true\">\n<div class=\"relative w-full overflow-visible\">\n<section class=\"text-token-text-primary w-full focus:outline-none [--shadow-height:45px] has-data-writing-block:pointer-events-none has-data-writing-block:-mt-(--shadow-height) has-data-writing-block:pt-(--shadow-height) [&amp;:has([data-writing-block])&gt;*]:pointer-events-auto R6Vx5W_threadScrollVars scroll-mb-[calc(var(--scroll-root-safe-area-inset-bottom,0px)+var(--thread-response-height))] scroll-mt-[calc(var(--header-height)+min(200px,max(70px,20svh)))]\" dir=\"auto\" data-turn-id=\"request-WEB:f16500a8-f703-4125-a75c-2d984e7f9148-0\" data-turn-id-container=\"request-WEB:f16500a8-f703-4125-a75c-2d984e7f9148-0\" data-testid=\"conversation-turn-2\" data-scroll-anchor=\"false\" data-turn=\"assistant\">\n<div class=\"text-base my-auto mx-auto pb-10 [--thread-content-margin:var(--thread-content-margin-xs,calc(var(--spacing)*4))] @w-sm\/main:[--thread-content-margin:var(--thread-content-margin-sm,calc(var(--spacing)*6))] @w-lg\/main:[--thread-content-margin:var(--thread-content-margin-lg,calc(var(--spacing)*16))] px-(--thread-content-margin)\">\n<div class=\"[--thread-content-max-width:40rem] @w-lg\/main:[--thread-content-max-width:48rem] mx-auto max-w-(--thread-content-max-width) flex-1 group\/turn-messages focus-visible:outline-hidden relative flex w-full min-w-0 flex-col agent-turn\">\n<div class=\"flex max-w-full flex-col gap-4 grow\">\n<div class=\"min-h-8 text-message relative flex w-full flex-col items-end gap-2 text-start break-words whitespace-normal outline-none keyboard-focused:focus-ring [.text-message+&amp;]:mt-1\" dir=\"auto\" tabindex=\"0\" data-message-author-role=\"assistant\" data-message-id=\"daf7c6cf-7679-4a48-8681-de103ac9e976\" data-message-model-slug=\"gpt-5-5\" data-turn-start-message=\"true\">\n<div class=\"flex w-full flex-col gap-1 empty:hidden\">\n<div class=\"markdown prose dark:prose-invert wrap-break-word w-full light markdown-new-styling\">\n<p data-start=\"0\" data-end=\"206\">Un \u0219ofer de TIR \u0219i-a pierdut via\u021ba \u00eentr-un grav accident rutier produs pe DN 66, \u00een localitatea \u021a\u00e2n\u021b\u0103reni, dup\u0103 ce un autoturism a p\u0103truns pe contrasens \u0219i a lovit autocamionul pe care acesta \u00eel conducea.\u00a0Potrivit informa\u021biilor transmise de IPJ Gorj, un t\u00e2n\u0103r de 27 de ani, din Flore\u0219ti, aflat la volanul unui autoturism care circula din direc\u021bia Filia\u0219i c\u0103tre T\u00e2rgu Jiu, ar fi intrat pe sensul opus de mers \u0219i a acro\u0219at lateral anvelopa st\u00e2nga-fa\u021b\u0103 a unui ansamblu format din cap tractor \u0219i semiremorc\u0103. \u00cen urma impactului, anvelopa TIR-ului s-a depresurizat, iar \u0219oferul autocamionului a pierdut controlul direc\u021biei.\u00a0TIR-ul, \u00eenc\u0103rcat cu cartofi, s-a r\u0103sturnat pe carosabil, bloc\u00e2nd complet traficul pe ambele sensuri. O parte din \u00eenc\u0103rc\u0103tur\u0103 s-a \u00eempr\u0103\u0219tiat pe drum, iar circula\u021bia a fost deviat\u0103 pe DJ 674, pe ruta Turceni \u2013 Ione\u0219ti.<\/p>\n<p data-start=\"845\" data-end=\"1176\">La locul accidentului au intervenit echipaje ale ISU Gorj, cu dou\u0103 autospeciale pentru descarcerare, o ambulan\u021b\u0103 SMURD \u0219i un echipaj al Serviciului Jude\u021bean de Ambulan\u021b\u0103. Salvatorii au reu\u0219it s\u0103 \u00eel scoat\u0103 dintre fiarele contorsionate pe \u0219oferul TIR-ului, un b\u0103rbat de 39 de ani din V\u00e2r\u021b, \u00eens\u0103 acesta nu mai prezenta semne vitale.\u00a0\u0218oferul autoturismului a fost r\u0103nit \u0219i transportat la spital pentru \u00eengrijiri medicale. Poli\u021bi\u0219tii au deschis un dosar penal \u0219i continu\u0103 cercet\u0103rile pentru a stabili cu exactitate cauzele \u0219i \u00eemprejur\u0103rile producerii accidentului.<\/p>\n<\/div>\n<\/div>\n<\/div>\n<\/div>\n<div class=\"z-0 flex min-h-[46px] justify-start\"><\/div>\n<div class=\"mt-3 w-full empty:hidden\">\n<div class=\"text-center\"><\/div>\n<\/div>\n<\/div>\n<\/div>\n<\/section>\n<div class=\"contents\"><\/div>\n<\/div>\n<\/div>\n<div class=\"pointer-events-none -mt-px h-px translate-y-[calc(var(--scroll-root-safe-area-inset-bottom)-14*var(--spacing))]\" aria-hidden=\"true\"><\/div>\n","protected":false},"excerpt":{"rendered":"<p class=\"text-justify mb-2\" >Un \u0219ofer de TIR \u0219i-a pierdut via\u021ba \u00eentr-un grav accident rutier produs pe DN 66, \u00een localitatea \u021a\u00e2n\u021b\u0103reni, dup\u0103 ce un autoturism a p\u0103truns pe contrasens \u0219i a lovit autocamionul pe care acesta \u00eel conducea.\u00a0Potrivit informa\u021biilor transmise de IPJ Gorj, un t\u00e2n\u0103r de 27 de [&hellip;]<\/p>\n","protected":false},"author":2,"featured_media":6855,"comment_status":"open","ping_status":"open","sticky":false,"template":"","format":"standard","meta":{"footnotes":""},"categories":[13,2,4],"tags":[],"class_list":["post-6854","post","type-post","status-publish","format-standard","has-post-thumbnail","hentry","category-eveniment","category-featured","category-ultima-ora"],"_links":{"self":[{"href":"https:\/\/radarmedia.ro\/index.php\/wp-json\/wp\/v2\/posts\/6854","targetHints":{"allow":["GET"]}}],"collection":[{"href":"https:\/\/radarmedia.ro\/index.php\/wp-json\/wp\/v2\/posts"}],"about":[{"href":"https:\/\/radarmedia.ro\/index.php\/wp-json\/wp\/v2\/types\/post"}],"author":[{"embeddable":true,"href":"https:\/\/radarmedia.ro\/index.php\/wp-json\/wp\/v2\/users\/2"}],"replies":[{"embeddable":true,"href":"https:\/\/radarmedia.ro\/index.php\/wp-json\/wp\/v2\/comments?post=6854"}],"version-history":[{"count":1,"href":"https:\/\/radarmedia.ro\/index.php\/wp-json\/wp\/v2\/posts\/6854\/revisions"}],"predecessor-version":[{"id":6856,"href":"https:\/\/radarmedia.ro\/index.php\/wp-json\/wp\/v2\/posts\/6854\/revisions\/6856"}],"wp:featuredmedia":[{"embeddable":true,"href":"https:\/\/radarmedia.ro\/index.php\/wp-json\/wp\/v2\/media\/6855"}],"wp:attachment":[{"href":"https:\/\/radarmedia.ro\/index.php\/wp-json\/wp\/v2\/media?parent=6854"}],"wp:term":[{"taxonomy":"category","embeddable":true,"href":"https:\/\/radarmedia.ro\/index.php\/wp-json\/wp\/v2\/categories?post=6854"},{"taxonomy":"post_tag","embeddable":true,"href":"https:\/\/radarmedia.ro\/index.php\/wp-json\/wp\/v2\/tags?post=6854"}],"curies":[{"name":"wp","href":"https:\/\/api.w.org\/{rel}","templated":true}]}}