{"id":6857,"date":"2026-05-12T15:13:50","date_gmt":"2026-05-12T12:13:50","guid":{"rendered":"https:\/\/radarmedia.ro\/?p=6857"},"modified":"2026-05-12T15:15:05","modified_gmt":"2026-05-12T12:15:05","slug":"simion-ii-face-semnul-catuselor-virgil-popescu-il-acuza-ca-vrea-sa-ascunda-scurgerea-banilor-din-companiile-de-stat","status":"publish","type":"post","link":"https:\/\/radarmedia.ro\/index.php\/2026\/05\/12\/simion-ii-face-semnul-catuselor-virgil-popescu-il-acuza-ca-vrea-sa-ascunda-scurgerea-banilor-din-companiile-de-stat\/","title":{"rendered":"Simion \u00eei face semnul c\u0103tu\u0219elor, Virgil Popescu \u00eel acuz\u0103 c\u0103 vrea s\u0103 fac\u0103 \u201do nou\u0103 schem\u0103 de pr\u0103duire\u201d"},"content":{"rendered":"<p data-start=\"0\" data-end=\"236\">Fostul ministru al Energiei, <span class=\"hover:entity-accent entity-underline inline cursor-pointer align-baseline\"><span class=\"whitespace-normal\">Virgil Popescu<\/span><\/span>, a lansat un nou atac la adresa liderului AUR, <span class=\"hover:entity-accent entity-underline inline cursor-pointer align-baseline\"><span class=\"whitespace-normal\">George Simion<\/span><\/span>, \u00eentr-o postare despre situa\u021bia de la <span class=\"hover:entity-accent entity-underline inline cursor-pointer align-baseline\"><span class=\"whitespace-normal\">Complexul Energetic Oltenia (CEO)<\/span><\/span>.\u00a0Popescu sus\u021bine c\u0103 a g\u0103sit compania \u201esleit\u0103 \u0219i c\u0103pu\u0219at\u0103\u201d atunci c\u00e2nd a preluat portofoliul Energiei, acuz\u00e2nd existen\u021ba unor contracte p\u0103guboase, datorii de peste 640 de milioane de lei \u0219i neplata certificatelor de CO2. El afirm\u0103 c\u0103 problemele au fost confirmate inclusiv printr-o decizie definitiv\u0103 a \u00cenaltei Cur\u021bi de Casa\u021bie \u0219i Justi\u021bie, care a men\u021binut raportul Corpului de Control al Ministerului Energiei.\u00a0\u00cen mesajul postat azi pe Facebook, liberalul sus\u021bine c\u0103 \u00een perioada mandatului s\u0103u au fost ob\u021binute finan\u021b\u0103ri \u0219i ajutoare de stat de peste 2,66 miliarde de euro pentru restructurarea CEO, investi\u021bii \u00een parcuri fotovoltaice \u0219i centrale pe gaz la Turceni \u0219i I\u0219alni\u021ba.<\/p>\n<p data-start=\"901\" data-end=\"1219\">\u021ainta principal\u0103 a post\u0103rii este \u00eens\u0103 liderul AUR. Popescu \u00eel acuz\u0103 pe George Simion c\u0103 \u00eencearc\u0103 s\u0103 promoveze un holding energetic \u00eentre CEO, <span class=\"hover:entity-accent entity-underline inline cursor-pointer align-baseline\"><span class=\"whitespace-normal\">Hidroelectrica<\/span><\/span> \u0219i <span class=\"hover:entity-accent entity-underline inline cursor-pointer align-baseline\"><span class=\"whitespace-normal\">Nuclearelectrica<\/span><\/span> pentru a \u201eascunde mai u\u0219or modul \u00een care s-ar putea scurge banii de la companiile profitabile\u201d.\u00a0Fostul ministru \u00eel mai acuz\u0103 pe Simion de pozi\u021bii eurosceptice \u0219i de \u00eencerc\u0103ri de blocare a unor proiecte strategice din energie, inclusiv reactoarele 3 \u0219i 4 de la <span class=\"hover:entity-accent entity-underline inline cursor-pointer align-baseline\"><span class=\"whitespace-normal\">Cernavod\u0103<\/span><\/span>. \u00cen finalul mesajului, Popescu ridic\u0103 \u0219i semne de \u00eentrebare privind importurile de benzi transportoare din China pentru CEO, suger\u00e2nd existen\u021ba unor interese de grup.<\/p>\n","protected":false},"excerpt":{"rendered":"<p class=\"text-justify mb-2\" >Fostul ministru al Energiei, Virgil Popescu, a lansat un nou atac la adresa liderului AUR, George Simion, \u00eentr-o postare despre situa\u021bia de la Complexul Energetic Oltenia (CEO).\u00a0Popescu sus\u021bine c\u0103 a g\u0103sit compania \u201esleit\u0103 \u0219i c\u0103pu\u0219at\u0103\u201d atunci c\u00e2nd a preluat portofoliul Energiei, acuz\u00e2nd existen\u021ba unor contracte [&hellip;]<\/p>\n","protected":false},"author":2,"featured_media":2812,"comment_status":"open","ping_status":"open","sticky":false,"template":"","format":"standard","meta":{"footnotes":""},"categories":[2,3,4],"tags":[],"class_list":["post-6857","post","type-post","status-publish","format-standard","has-post-thumbnail","hentry","category-featured","category-politic","category-ultima-ora"],"_links":{"self":[{"href":"https:\/\/radarmedia.ro\/index.php\/wp-json\/wp\/v2\/posts\/6857","targetHints":{"allow":["GET"]}}],"collection":[{"href":"https:\/\/radarmedia.ro\/index.php\/wp-json\/wp\/v2\/posts"}],"about":[{"href":"https:\/\/radarmedia.ro\/index.php\/wp-json\/wp\/v2\/types\/post"}],"author":[{"embeddable":true,"href":"https:\/\/radarmedia.ro\/index.php\/wp-json\/wp\/v2\/users\/2"}],"replies":[{"embeddable":true,"href":"https:\/\/radarmedia.ro\/index.php\/wp-json\/wp\/v2\/comments?post=6857"}],"version-history":[{"count":3,"href":"https:\/\/radarmedia.ro\/index.php\/wp-json\/wp\/v2\/posts\/6857\/revisions"}],"predecessor-version":[{"id":6860,"href":"https:\/\/radarmedia.ro\/index.php\/wp-json\/wp\/v2\/posts\/6857\/revisions\/6860"}],"wp:featuredmedia":[{"embeddable":true,"href":"https:\/\/radarmedia.ro\/index.php\/wp-json\/wp\/v2\/media\/2812"}],"wp:attachment":[{"href":"https:\/\/radarmedia.ro\/index.php\/wp-json\/wp\/v2\/media?parent=6857"}],"wp:term":[{"taxonomy":"category","embeddable":true,"href":"https:\/\/radarmedia.ro\/index.php\/wp-json\/wp\/v2\/categories?post=6857"},{"taxonomy":"post_tag","embeddable":true,"href":"https:\/\/radarmedia.ro\/index.php\/wp-json\/wp\/v2\/tags?post=6857"}],"curies":[{"name":"wp","href":"https:\/\/api.w.org\/{rel}","templated":true}]}}