{"id":6861,"date":"2026-05-13T18:11:20","date_gmt":"2026-05-13T15:11:20","guid":{"rendered":"https:\/\/radarmedia.ro\/?p=6861"},"modified":"2026-05-13T18:11:20","modified_gmt":"2026-05-13T15:11:20","slug":"miruta-anunta-salvarea-um-sadu-astazi-a-venit-si-decizia-finala-pentru-gorj","status":"publish","type":"post","link":"https:\/\/radarmedia.ro\/index.php\/2026\/05\/13\/miruta-anunta-salvarea-um-sadu-astazi-a-venit-si-decizia-finala-pentru-gorj\/","title":{"rendered":"Miru\u021b\u0103 anun\u021b\u0103 salvarea UM Sadu. \u201dAst\u0103zi a venit \u0219i decizia final\u0103 pentru Gorj\u201d"},"content":{"rendered":"<div class=\"qMYqUG_convSearchResultHighlightRoot\">\n<div class=\"\" data-turn-id-container=\"request-WEB:103d285d-aa5d-4256-9cc9-dc95304c9095-1\" data-is-intersecting=\"true\">\n<div class=\"relative w-full overflow-visible\">\n<section class=\"text-token-text-primary w-full focus:outline-none [--shadow-height:45px] has-data-writing-block:pointer-events-none has-data-writing-block:-mt-(--shadow-height) has-data-writing-block:pt-(--shadow-height) [&amp;:has([data-writing-block])&gt;*]:pointer-events-auto R6Vx5W_threadScrollVars scroll-mb-[calc(var(--scroll-root-safe-area-inset-bottom,0px)+var(--thread-response-height))] scroll-mt-[calc(var(--header-height)+min(200px,max(70px,20svh)))]\" dir=\"auto\" data-turn-id=\"request-WEB:103d285d-aa5d-4256-9cc9-dc95304c9095-1\" data-turn-id-container=\"request-WEB:103d285d-aa5d-4256-9cc9-dc95304c9095-1\" data-testid=\"conversation-turn-4\" data-scroll-anchor=\"false\" data-turn=\"assistant\">\n<div class=\"text-base my-auto mx-auto pb-10 [--thread-content-margin:var(--thread-content-margin-xs,calc(var(--spacing)*4))] @w-sm\/main:[--thread-content-margin:var(--thread-content-margin-sm,calc(var(--spacing)*6))] @w-lg\/main:[--thread-content-margin:var(--thread-content-margin-lg,calc(var(--spacing)*16))] px-(--thread-content-margin)\">\n<div class=\"[--thread-content-max-width:40rem] @w-lg\/main:[--thread-content-max-width:48rem] mx-auto max-w-(--thread-content-max-width) flex-1 group\/turn-messages focus-visible:outline-hidden relative flex w-full min-w-0 flex-col agent-turn\">\n<div class=\"flex max-w-full flex-col gap-4 grow\">\n<div class=\"min-h-8 text-message relative flex w-full flex-col items-end gap-2 text-start break-words whitespace-normal outline-none keyboard-focused:focus-ring [.text-message+&amp;]:mt-1\" dir=\"auto\" tabindex=\"0\" data-message-author-role=\"assistant\" data-message-id=\"59a4b4d0-3a26-4dae-896c-86a71275f8f6\" data-message-model-slug=\"gpt-5-5\" data-turn-start-message=\"true\">\n<div class=\"flex w-full flex-col gap-1 empty:hidden\">\n<div class=\"markdown prose dark:prose-invert wrap-break-word w-full light markdown-new-styling\">\n<p data-start=\"103\" data-end=\"330\">Uzina Mecanic\u0103 Sadu din jude\u021bul Gorj va beneficia de investi\u021bii pentru modernizare \u0219i retehnologizare prin programul european SAFE, a anun\u021bat ministrul Ap\u0103r\u0103rii, Radu Miru\u021b\u0103, \u00eentr-o postare publicat\u0103 pe re\u021belele de socializare.\u00a0Potrivit oficialului, fabrica de armament de la Sadu a fost inclus\u0103 oficial printre unit\u0103\u021bile strategice din Rom\u00e2nia care vor fi revitalizate cu finan\u021bare european\u0103, proiectul av\u00e2nd produc\u021bie realizat\u0103 integral \u00een \u021bar\u0103.\u00a0\u201eUzina Mecanic\u0103 Sadu este de ast\u0103zi oficial \u00eentre fabricile vechi de armament din Rom\u00e2nia care vor fi salvate \u0219i aduse la via\u021b\u0103 prin SAFE\u201d, a transmis ministrul.<\/p>\n<p data-start=\"716\" data-end=\"1063\">Radu Miru\u021b\u0103 a subliniat c\u0103 investi\u021bia nu presupune achizi\u021bia de produse militare fabricate \u00een alte state, ci dezvoltarea unei capacit\u0103\u021bi industriale locale. Potrivit oficialului, proiectul \u00eenseamn\u0103 modernizarea fabricii, crearea de noi locuri de munc\u0103 \u0219i consolidarea securit\u0103\u021bii na\u021bionale prin produc\u021bia de muni\u021bie strategic\u0103 pe teritoriul Rom\u00e2niei.<\/p>\n<p data-start=\"1065\" data-end=\"1444\">Ministrul a precizat c\u0103 includerea Uzinei Mecanice Sadu \u00een programul SAFE vine dup\u0103 demersuri sus\u021binute pentru mai multe obiective industriale \u0219i de ap\u0103rare din \u021bar\u0103. \u201dEste unul dintre proiectele din SAFE cu produc\u021bie 100% \u00een Rom\u00e2nia. Asta \u00eenseamn\u0103 fabric\u0103 salvat\u0103, nu produse cump\u0103rate gata f\u0103cute de pe raftul fabricilor din alt\u0103 \u021bar\u0103. \u00censeamn\u0103 fabric\u0103 local\u0103 retehnologizat\u0103, \u00eenseamn\u0103 locuri de munc\u0103 noi, \u00eenseamn\u0103 garan\u021bii de securitate suplimentare pentru Rom\u00e2nia prin capacitatea de a produce muni\u021bie strategic\u0103 pe teritoriul na\u021bional. Asta \u00eenseamn\u0103 s\u0103 \u00ee\u021bi pese! \u0218i da, cum mi-a p\u0103sat de Bra\u0219ov-cu fabrica de pulberi, cu IAR, de Mangalia-cu \u0219antierul naval, de Cugir-cu fabrica de arme, de Media\u0219-cu ma\u0219ina de lupt\u0103, de Petre\u0219ti-cu noile camioane, de Bucure\u0219ti-cu Piranha, ast\u0103zi a venit \u0219i decizia final\u0103 pentru Gorj\u201d, a transmis Radu Miru\u021b\u0103.<\/p>\n<p data-start=\"1522\" data-end=\"1679\" data-is-last-node=\"\" data-is-only-node=\"\">Programul SAFE are ca scop sus\u021binerea capacit\u0103\u021bilor europene de produc\u021bie din industria de ap\u0103rare \u0219i reducerea dependen\u021bei de importuri \u00een domeniul militar.<\/p>\n<\/div>\n<\/div>\n<\/div>\n<\/div>\n<div class=\"z-0 flex min-h-[46px] justify-start\"><\/div>\n<div class=\"mt-3 w-full empty:hidden\">\n<div class=\"text-center\"><\/div>\n<\/div>\n<\/div>\n<\/div>\n<\/section>\n<div class=\"contents\"><\/div>\n<\/div>\n<\/div>\n<\/div>\n<div class=\"pointer-events-none -mt-px h-px translate-y-[calc(var(--scroll-root-safe-area-inset-bottom)-14*var(--spacing))]\" aria-hidden=\"true\"><\/div>\n","protected":false},"excerpt":{"rendered":"<p class=\"text-justify mb-2\" >Uzina Mecanic\u0103 Sadu din jude\u021bul Gorj va beneficia de investi\u021bii pentru modernizare \u0219i retehnologizare prin programul european SAFE, a anun\u021bat ministrul Ap\u0103r\u0103rii, Radu Miru\u021b\u0103, \u00eentr-o postare publicat\u0103 pe re\u021belele de socializare.\u00a0Potrivit oficialului, fabrica de armament de la Sadu a fost inclus\u0103 oficial printre unit\u0103\u021bile strategice [&hellip;]<\/p>\n","protected":false},"author":2,"featured_media":6862,"comment_status":"open","ping_status":"open","sticky":false,"template":"","format":"standard","meta":{"footnotes":""},"categories":[5,2,4],"tags":[],"class_list":["post-6861","post","type-post","status-publish","format-standard","has-post-thumbnail","hentry","category-actualitate","category-featured","category-ultima-ora"],"_links":{"self":[{"href":"https:\/\/radarmedia.ro\/index.php\/wp-json\/wp\/v2\/posts\/6861","targetHints":{"allow":["GET"]}}],"collection":[{"href":"https:\/\/radarmedia.ro\/index.php\/wp-json\/wp\/v2\/posts"}],"about":[{"href":"https:\/\/radarmedia.ro\/index.php\/wp-json\/wp\/v2\/types\/post"}],"author":[{"embeddable":true,"href":"https:\/\/radarmedia.ro\/index.php\/wp-json\/wp\/v2\/users\/2"}],"replies":[{"embeddable":true,"href":"https:\/\/radarmedia.ro\/index.php\/wp-json\/wp\/v2\/comments?post=6861"}],"version-history":[{"count":1,"href":"https:\/\/radarmedia.ro\/index.php\/wp-json\/wp\/v2\/posts\/6861\/revisions"}],"predecessor-version":[{"id":6863,"href":"https:\/\/radarmedia.ro\/index.php\/wp-json\/wp\/v2\/posts\/6861\/revisions\/6863"}],"wp:featuredmedia":[{"embeddable":true,"href":"https:\/\/radarmedia.ro\/index.php\/wp-json\/wp\/v2\/media\/6862"}],"wp:attachment":[{"href":"https:\/\/radarmedia.ro\/index.php\/wp-json\/wp\/v2\/media?parent=6861"}],"wp:term":[{"taxonomy":"category","embeddable":true,"href":"https:\/\/radarmedia.ro\/index.php\/wp-json\/wp\/v2\/categories?post=6861"},{"taxonomy":"post_tag","embeddable":true,"href":"https:\/\/radarmedia.ro\/index.php\/wp-json\/wp\/v2\/tags?post=6861"}],"curies":[{"name":"wp","href":"https:\/\/api.w.org\/{rel}","templated":true}]}}