{"id":6864,"date":"2026-05-14T16:57:06","date_gmt":"2026-05-14T13:57:06","guid":{"rendered":"https:\/\/radarmedia.ro\/?p=6864"},"modified":"2026-05-14T16:57:06","modified_gmt":"2026-05-14T13:57:06","slug":"restrictii-in-novaci-duminica","status":"publish","type":"post","link":"https:\/\/radarmedia.ro\/index.php\/2026\/05\/14\/restrictii-in-novaci-duminica\/","title":{"rendered":"Restric\u021bii \u00een Novaci, duminic\u0103"},"content":{"rendered":"<p data-start=\"0\" data-end=\"256\"><span class=\"hover:entity-accent entity-underline inline cursor-pointer align-baseline\"><span class=\"whitespace-normal\">DRDP Craiova<\/span><\/span> anun\u021b\u0103 restric\u021bii de circula\u021bie \u00een Novaci, pe DN 67C \u2013 Transalpina, duminic\u0103, 17 mai, \u00een contextul desf\u0103\u0219ur\u0103rii evenimentului cultural \u201eUrcatul oilor la munte 2026\u201d.\u00a0Potrivit institu\u021biei, traficul rutier va fi restric\u021bionat \u00een intervalul orar 09:30 \u2013 12:30, pe sectorul de drum cuprins \u00eentre kilometrii 12+200 \u0219i 12+750 ai DN 67C.<\/p>\n<p data-start=\"424\" data-end=\"591\">Pentru evitarea zonei afectate, autorit\u0103\u021bile au stabilit o rut\u0103 ocolitoare \u00een ambele sensuri de mers, pe Strada Ocolului \u2013 Strada Dimitrie Brezulescu \u2013 Strada Eroilor.\u00a0Reprezentan\u021bii DRDP Craiova le recomand\u0103 \u0219oferilor s\u0103 respecte semnalizarea rutier\u0103 temporar\u0103 \u0219i indica\u021biile personalului aflat \u00een teren pentru dirijarea circula\u021biei.<\/p>\n<p data-start=\"761\" data-end=\"934\" data-is-last-node=\"\" data-is-only-node=\"\">\n","protected":false},"excerpt":{"rendered":"<p class=\"text-justify mb-2\" >DRDP Craiova anun\u021b\u0103 restric\u021bii de circula\u021bie \u00een Novaci, pe DN 67C \u2013 Transalpina, duminic\u0103, 17 mai, \u00een contextul desf\u0103\u0219ur\u0103rii evenimentului cultural \u201eUrcatul oilor la munte 2026\u201d.\u00a0Potrivit institu\u021biei, traficul rutier va fi restric\u021bionat \u00een intervalul orar 09:30 \u2013 12:30, pe sectorul de drum cuprins \u00eentre kilometrii [&hellip;]<\/p>\n","protected":false},"author":2,"featured_media":3617,"comment_status":"open","ping_status":"open","sticky":false,"template":"","format":"standard","meta":{"footnotes":""},"categories":[5,4],"tags":[186,185],"class_list":["post-6864","post","type-post","status-publish","format-standard","has-post-thumbnail","hentry","category-actualitate","category-ultima-ora","tag-novaci","tag-urcatul-oilor-la-munte"],"_links":{"self":[{"href":"https:\/\/radarmedia.ro\/index.php\/wp-json\/wp\/v2\/posts\/6864","targetHints":{"allow":["GET"]}}],"collection":[{"href":"https:\/\/radarmedia.ro\/index.php\/wp-json\/wp\/v2\/posts"}],"about":[{"href":"https:\/\/radarmedia.ro\/index.php\/wp-json\/wp\/v2\/types\/post"}],"author":[{"embeddable":true,"href":"https:\/\/radarmedia.ro\/index.php\/wp-json\/wp\/v2\/users\/2"}],"replies":[{"embeddable":true,"href":"https:\/\/radarmedia.ro\/index.php\/wp-json\/wp\/v2\/comments?post=6864"}],"version-history":[{"count":1,"href":"https:\/\/radarmedia.ro\/index.php\/wp-json\/wp\/v2\/posts\/6864\/revisions"}],"predecessor-version":[{"id":6865,"href":"https:\/\/radarmedia.ro\/index.php\/wp-json\/wp\/v2\/posts\/6864\/revisions\/6865"}],"wp:featuredmedia":[{"embeddable":true,"href":"https:\/\/radarmedia.ro\/index.php\/wp-json\/wp\/v2\/media\/3617"}],"wp:attachment":[{"href":"https:\/\/radarmedia.ro\/index.php\/wp-json\/wp\/v2\/media?parent=6864"}],"wp:term":[{"taxonomy":"category","embeddable":true,"href":"https:\/\/radarmedia.ro\/index.php\/wp-json\/wp\/v2\/categories?post=6864"},{"taxonomy":"post_tag","embeddable":true,"href":"https:\/\/radarmedia.ro\/index.php\/wp-json\/wp\/v2\/tags?post=6864"}],"curies":[{"name":"wp","href":"https:\/\/api.w.org\/{rel}","templated":true}]}}