{"id":6875,"date":"2026-05-29T10:39:37","date_gmt":"2026-05-29T07:39:37","guid":{"rendered":"https:\/\/radarmedia.ro\/?p=6875"},"modified":"2026-05-29T10:39:37","modified_gmt":"2026-05-29T07:39:37","slug":"drona-prabusita-pe-un-bloc-doi-raniti-zeci-de-evacuati","status":"publish","type":"post","link":"https:\/\/radarmedia.ro\/index.php\/2026\/05\/29\/drona-prabusita-pe-un-bloc-doi-raniti-zeci-de-evacuati\/","title":{"rendered":"Dron\u0103 pr\u0103bu\u0219it\u0103 pe un bloc. Doi r\u0103ni\u021bi, zeci de evacua\u021bi"},"content":{"rendered":"<p>O dron\u0103 de provenien\u021b\u0103 ruseasc\u0103 s-a pr\u0103bu\u0219it \u00een noaptea de joi spre vineri pe un bloc de locuin\u021be din municipiul Gala\u021bi, provoc\u00e2nd o explozie \u0219i un incendiu la un apartament situat la etajul 10 al imobilului. Incidentul a avut loc \u00een jurul orei 02:00 \u0219i a declan\u0219at o ampl\u0103 interven\u021bie a autorit\u0103\u021bilor. Potrivit Ministerului Ap\u0103r\u0103rii Na\u021bionale, drona era de tip Geran 2, iar \u201etoat\u0103 \u00eenc\u0103rc\u0103tura exploziv\u0103 a explodat la momentul impactului\u201d. Autorit\u0103\u021bile au precizat c\u0103 nu este vorba despre un atac direct asupra Rom\u00e2niei, ci despre efectele conflictului din apropierea grani\u021bei. \u00cen urma exploziei, dou\u0103 persoane \u2014 o femeie \u0219i fiul acesteia, \u00een v\u00e2rst\u0103 de 14 ani \u2014 au fost r\u0103nite u\u0219or \u0219i transportate la spital pentru investiga\u021bii \u0219i tratament. Alte persoane au primit \u00eengrijiri medicale la fa\u021ba locului dup\u0103 ce au suferit atacuri de panic\u0103. Zona a fost izolat\u0103 imediat, iar echipe ale ISU, Poli\u021biei, SRI \u0219i MApN au intervenit pentru securizarea perimetrului \u0219i efectuarea cercet\u0103rilor. Aproximativ 70 de persoane au fost evacuate din bloc. Incidentul a generat reac\u021bii la nivel \u00eenalt. Ministerul Afacerilor Externe a calificat situa\u021bia drept \u201eo escaladare grav\u0103 \u0219i iresponsabil\u0103\u201d din partea Federa\u021biei Ruse, iar pre\u0219edintele Nicu\u0219or Dan a convocat o \u0219edin\u021b\u0103 CSAT.<\/p>\n","protected":false},"excerpt":{"rendered":"<p class=\"text-justify mb-2\" >O dron\u0103 de provenien\u021b\u0103 ruseasc\u0103 s-a pr\u0103bu\u0219it \u00een noaptea de joi spre vineri pe un bloc de locuin\u021be din municipiul Gala\u021bi, provoc\u00e2nd o explozie \u0219i un incendiu la un apartament situat la etajul 10 al imobilului. Incidentul a avut loc \u00een jurul orei 02:00 \u0219i [&hellip;]<\/p>\n","protected":false},"author":2,"featured_media":6876,"comment_status":"open","ping_status":"open","sticky":false,"template":"","format":"standard","meta":{"footnotes":""},"categories":[5,2,4],"tags":[],"class_list":["post-6875","post","type-post","status-publish","format-standard","has-post-thumbnail","hentry","category-actualitate","category-featured","category-ultima-ora"],"_links":{"self":[{"href":"https:\/\/radarmedia.ro\/index.php\/wp-json\/wp\/v2\/posts\/6875","targetHints":{"allow":["GET"]}}],"collection":[{"href":"https:\/\/radarmedia.ro\/index.php\/wp-json\/wp\/v2\/posts"}],"about":[{"href":"https:\/\/radarmedia.ro\/index.php\/wp-json\/wp\/v2\/types\/post"}],"author":[{"embeddable":true,"href":"https:\/\/radarmedia.ro\/index.php\/wp-json\/wp\/v2\/users\/2"}],"replies":[{"embeddable":true,"href":"https:\/\/radarmedia.ro\/index.php\/wp-json\/wp\/v2\/comments?post=6875"}],"version-history":[{"count":1,"href":"https:\/\/radarmedia.ro\/index.php\/wp-json\/wp\/v2\/posts\/6875\/revisions"}],"predecessor-version":[{"id":6877,"href":"https:\/\/radarmedia.ro\/index.php\/wp-json\/wp\/v2\/posts\/6875\/revisions\/6877"}],"wp:featuredmedia":[{"embeddable":true,"href":"https:\/\/radarmedia.ro\/index.php\/wp-json\/wp\/v2\/media\/6876"}],"wp:attachment":[{"href":"https:\/\/radarmedia.ro\/index.php\/wp-json\/wp\/v2\/media?parent=6875"}],"wp:term":[{"taxonomy":"category","embeddable":true,"href":"https:\/\/radarmedia.ro\/index.php\/wp-json\/wp\/v2\/categories?post=6875"},{"taxonomy":"post_tag","embeddable":true,"href":"https:\/\/radarmedia.ro\/index.php\/wp-json\/wp\/v2\/tags?post=6875"}],"curies":[{"name":"wp","href":"https:\/\/api.w.org\/{rel}","templated":true}]}}