{"id":6878,"date":"2026-05-29T10:42:22","date_gmt":"2026-05-29T07:42:22","guid":{"rendered":"https:\/\/radarmedia.ro\/?p=6878"},"modified":"2026-05-29T10:42:22","modified_gmt":"2026-05-29T07:42:22","slug":"ceo-neaga-ca-se-fac-angajari","status":"publish","type":"post","link":"https:\/\/radarmedia.ro\/index.php\/2026\/05\/29\/ceo-neaga-ca-se-fac-angajari\/","title":{"rendered":"CEO neag\u0103 c\u0103 se fac angaj\u0103ri"},"content":{"rendered":"<p>CE Oltenia neag\u0103 informa\u021biile privind presupuse angaj\u0103ri \u00een companie. Complexul Energetic Oltenia a transmis o reac\u021bie oficial\u0103, dup\u0103 apari\u021bia \u00een presa local\u0103 a unor informa\u021bii potrivit c\u0103rora fo\u0219ti angaja\u021bi ai companiei ar fi fost chema\u021bi la interviuri pentru o posibil\u0103 reangajare. Reprezentan\u021bii companiei sus\u021bin c\u0103, \u00een prezent, nu a fost lansat\u0103 nicio procedur\u0103 de recrutare pentru posturile men\u021bionate \u00een articolele ap\u0103rute \u00een spa\u021biul public.\u00a0\u201eLa acest moment, Complexul Energetic Oltenia nu a publicat niciun anun\u021b privind organizarea de concursuri, recrut\u0103ri sau angaj\u0103ri pentru posturile la care se face referire \u00een articolele ap\u0103rute \u00een pres\u0103\u201d, au precizat oficialii companiei.\u00a0CE Oltenia le recomand\u0103 persoanelor interesate s\u0103 consulte exclusiv sursele oficiale ale societ\u0103\u021bii pentru informa\u021bii legate de eventuale angaj\u0103ri sau concursuri.<\/p>\n<p class=\"isSelectedEnd\">Potrivit companiei, toate anun\u021burile privind posturile vacante \u0219i procedurile de selec\u021bie sunt publicate pe site-ul oficial al societ\u0103\u021bii, la sec\u021biunea dedicat\u0103 locurilor de munc\u0103.\u00a0Totodat\u0103, reprezentan\u021bii CE Oltenia au transmis c\u0103 orice procedur\u0103 de recrutare va fi comunicat\u0103 public prin canalele oficiale ale companiei.<\/p>\n","protected":false},"excerpt":{"rendered":"<p class=\"text-justify mb-2\" >CE Oltenia neag\u0103 informa\u021biile privind presupuse angaj\u0103ri \u00een companie. Complexul Energetic Oltenia a transmis o reac\u021bie oficial\u0103, dup\u0103 apari\u021bia \u00een presa local\u0103 a unor informa\u021bii potrivit c\u0103rora fo\u0219ti angaja\u021bi ai companiei ar fi fost chema\u021bi la interviuri pentru o posibil\u0103 reangajare. Reprezentan\u021bii companiei sus\u021bin c\u0103, [&hellip;]<\/p>\n","protected":false},"author":2,"featured_media":2236,"comment_status":"open","ping_status":"open","sticky":false,"template":"","format":"standard","meta":{"footnotes":""},"categories":[5,2,4],"tags":[],"class_list":["post-6878","post","type-post","status-publish","format-standard","has-post-thumbnail","hentry","category-actualitate","category-featured","category-ultima-ora"],"_links":{"self":[{"href":"https:\/\/radarmedia.ro\/index.php\/wp-json\/wp\/v2\/posts\/6878","targetHints":{"allow":["GET"]}}],"collection":[{"href":"https:\/\/radarmedia.ro\/index.php\/wp-json\/wp\/v2\/posts"}],"about":[{"href":"https:\/\/radarmedia.ro\/index.php\/wp-json\/wp\/v2\/types\/post"}],"author":[{"embeddable":true,"href":"https:\/\/radarmedia.ro\/index.php\/wp-json\/wp\/v2\/users\/2"}],"replies":[{"embeddable":true,"href":"https:\/\/radarmedia.ro\/index.php\/wp-json\/wp\/v2\/comments?post=6878"}],"version-history":[{"count":1,"href":"https:\/\/radarmedia.ro\/index.php\/wp-json\/wp\/v2\/posts\/6878\/revisions"}],"predecessor-version":[{"id":6879,"href":"https:\/\/radarmedia.ro\/index.php\/wp-json\/wp\/v2\/posts\/6878\/revisions\/6879"}],"wp:featuredmedia":[{"embeddable":true,"href":"https:\/\/radarmedia.ro\/index.php\/wp-json\/wp\/v2\/media\/2236"}],"wp:attachment":[{"href":"https:\/\/radarmedia.ro\/index.php\/wp-json\/wp\/v2\/media?parent=6878"}],"wp:term":[{"taxonomy":"category","embeddable":true,"href":"https:\/\/radarmedia.ro\/index.php\/wp-json\/wp\/v2\/categories?post=6878"},{"taxonomy":"post_tag","embeddable":true,"href":"https:\/\/radarmedia.ro\/index.php\/wp-json\/wp\/v2\/tags?post=6878"}],"curies":[{"name":"wp","href":"https:\/\/api.w.org\/{rel}","templated":true}]}}