{"id":6881,"date":"2026-06-01T14:05:22","date_gmt":"2026-06-01T11:05:22","guid":{"rendered":"https:\/\/radarmedia.ro\/?p=6881"},"modified":"2026-06-01T14:06:13","modified_gmt":"2026-06-01T11:06:13","slug":"peste-300-de-tineri-la-intalnirea-tinerilor-ortodocsi-din-oltenia-organizata-la-turburea","status":"publish","type":"post","link":"https:\/\/radarmedia.ro\/index.php\/2026\/06\/01\/peste-300-de-tineri-la-intalnirea-tinerilor-ortodocsi-din-oltenia-organizata-la-turburea\/","title":{"rendered":"Peste 300 de tineri, la \u00eent\u00e2lnirea Tinerilor Ortodoc\u0219i din Oltenia, organizat\u0103 la Turburea"},"content":{"rendered":"<p data-start=\"109\" data-end=\"286\">Comuna Turburea a g\u0103zduit, s\u00e2mb\u0103t\u0103, o nou\u0103 edi\u021bie a \u00cent\u00e2lnirii Tinerilor Ortodoc\u0219i din Oltenia, eveniment care a reunit peste 300 de participan\u021bi din jude\u021bele Gorj, Dolj \u0219i Olt.\u00a0Manifestarea, organizat\u0103 de Arhiepiscopia Craiovei, \u00een parteneriat cu inspectoratele \u0219colare \u0219i autorit\u0103\u021bile locale, a debutat cu Sf\u00e2nta Liturghie oficiat\u0103 de \u00cenaltpreasfin\u021bitul P\u0103rinte Irineu, urmat\u0103 de o procesiune c\u0103tre Castelul Ro\u0219ianu. Aici, ierarhul a transmis un mesaj dedicat p\u0103str\u0103rii credin\u021bei, valorilor cre\u0219tine \u0219i unit\u0103\u021bii \u00eentre tineri.\u00a0Programul a continuat cu momente artistice sus\u021binute de grupuri de tineri din parohii, \u0219coli \u0219i licee din Oltenia, care au prezentat c\u00e2ntece, poezii \u0219i dansuri cu tematic\u0103 religioas\u0103 \u0219i patriotic\u0103.<\/p>\n<p data-start=\"838\" data-end=\"1164\">Cu acest prilej a fost prezentat \u0219i un proiect important pentru dezvoltarea activit\u0103\u021bilor dedicate tinerilor. Cu binecuv\u00e2ntarea Mitropolitului Olteniei, \u00een satul Poiana urmeaz\u0103 s\u0103 fie construit un nou a\u0219ez\u0103m\u00e2nt monahal, care va include un centru modern destinat activit\u0103\u021bilor educa\u021bionale, culturale \u0219i sportive pentru tineri.<\/p>\n<p data-start=\"1166\" data-end=\"1327\" data-is-last-node=\"\" data-is-only-node=\"\">Organizatorii consider\u0103 c\u0103 evenimentul contribuie la consolidarea comunit\u0103\u021bii tinerilor ortodoc\u0219i \u0219i la promovarea valorilor cre\u0219tine \u00een r\u00e2ndul noilor genera\u021bii.<\/p>\n<p data-start=\"1166\" data-end=\"1327\" data-is-last-node=\"\" data-is-only-node=\"\"><img loading=\"lazy\" decoding=\"async\" class=\"alignleft size-large wp-image-6884\" src=\"http:\/\/radarmedia.ro\/wp-content\/uploads\/2026\/06\/mitropolit-turburea-1024x683.jpg\" alt=\"\" width=\"1024\" height=\"683\" srcset=\"https:\/\/radarmedia.ro\/wp-content\/uploads\/2026\/06\/mitropolit-turburea-1024x683.jpg 1024w, https:\/\/radarmedia.ro\/wp-content\/uploads\/2026\/06\/mitropolit-turburea-300x200.jpg 300w, https:\/\/radarmedia.ro\/wp-content\/uploads\/2026\/06\/mitropolit-turburea-768x512.jpg 768w, https:\/\/radarmedia.ro\/wp-content\/uploads\/2026\/06\/mitropolit-turburea-650x434.jpg 650w, https:\/\/radarmedia.ro\/wp-content\/uploads\/2026\/06\/mitropolit-turburea-730x487.jpg 730w, https:\/\/radarmedia.ro\/wp-content\/uploads\/2026\/06\/mitropolit-turburea-112x75.jpg 112w, https:\/\/radarmedia.ro\/wp-content\/uploads\/2026\/06\/mitropolit-turburea-425x283.jpg 425w, https:\/\/radarmedia.ro\/wp-content\/uploads\/2026\/06\/mitropolit-turburea-430x287.jpg 430w, https:\/\/radarmedia.ro\/wp-content\/uploads\/2026\/06\/mitropolit-turburea.jpg 1536w\" sizes=\"auto, (max-width: 1024px) 100vw, 1024px\" \/><\/p>\n","protected":false},"excerpt":{"rendered":"<p class=\"text-justify mb-2\" >Comuna Turburea a g\u0103zduit, s\u00e2mb\u0103t\u0103, o nou\u0103 edi\u021bie a \u00cent\u00e2lnirii Tinerilor Ortodoc\u0219i din Oltenia, eveniment care a reunit peste 300 de participan\u021bi din jude\u021bele Gorj, Dolj \u0219i Olt.\u00a0Manifestarea, organizat\u0103 de Arhiepiscopia Craiovei, \u00een parteneriat cu inspectoratele \u0219colare \u0219i autorit\u0103\u021bile locale, a debutat cu Sf\u00e2nta Liturghie [&hellip;]<\/p>\n","protected":false},"author":2,"featured_media":6882,"comment_status":"open","ping_status":"open","sticky":false,"template":"","format":"standard","meta":{"footnotes":""},"categories":[5,4],"tags":[],"class_list":["post-6881","post","type-post","status-publish","format-standard","has-post-thumbnail","hentry","category-actualitate","category-ultima-ora"],"_links":{"self":[{"href":"https:\/\/radarmedia.ro\/index.php\/wp-json\/wp\/v2\/posts\/6881","targetHints":{"allow":["GET"]}}],"collection":[{"href":"https:\/\/radarmedia.ro\/index.php\/wp-json\/wp\/v2\/posts"}],"about":[{"href":"https:\/\/radarmedia.ro\/index.php\/wp-json\/wp\/v2\/types\/post"}],"author":[{"embeddable":true,"href":"https:\/\/radarmedia.ro\/index.php\/wp-json\/wp\/v2\/users\/2"}],"replies":[{"embeddable":true,"href":"https:\/\/radarmedia.ro\/index.php\/wp-json\/wp\/v2\/comments?post=6881"}],"version-history":[{"count":2,"href":"https:\/\/radarmedia.ro\/index.php\/wp-json\/wp\/v2\/posts\/6881\/revisions"}],"predecessor-version":[{"id":6885,"href":"https:\/\/radarmedia.ro\/index.php\/wp-json\/wp\/v2\/posts\/6881\/revisions\/6885"}],"wp:featuredmedia":[{"embeddable":true,"href":"https:\/\/radarmedia.ro\/index.php\/wp-json\/wp\/v2\/media\/6882"}],"wp:attachment":[{"href":"https:\/\/radarmedia.ro\/index.php\/wp-json\/wp\/v2\/media?parent=6881"}],"wp:term":[{"taxonomy":"category","embeddable":true,"href":"https:\/\/radarmedia.ro\/index.php\/wp-json\/wp\/v2\/categories?post=6881"},{"taxonomy":"post_tag","embeddable":true,"href":"https:\/\/radarmedia.ro\/index.php\/wp-json\/wp\/v2\/tags?post=6881"}],"curies":[{"name":"wp","href":"https:\/\/api.w.org\/{rel}","templated":true}]}}