{"id":6886,"date":"2026-06-02T13:31:33","date_gmt":"2026-06-02T10:31:33","guid":{"rendered":"https:\/\/radarmedia.ro\/?p=6886"},"modified":"2026-06-02T13:31:33","modified_gmt":"2026-06-02T10:31:33","slug":"barbat-de-76-de-ani-prins-conducand-fara-permis","status":"publish","type":"post","link":"https:\/\/radarmedia.ro\/index.php\/2026\/06\/02\/barbat-de-76-de-ani-prins-conducand-fara-permis\/","title":{"rendered":"B\u0103rbat de 76 de ani, prins conduc\u00e2nd f\u0103r\u0103 permis"},"content":{"rendered":"<p data-start=\"78\" data-end=\"362\">Poli\u021bi\u0219tii din cadrul Biroului Ordine Public\u0103 au depistat, la data de 1 iunie 2026, \u00een jurul orei 15:45, un b\u0103rbat de 76 de ani, din comuna Turcine\u0219ti, \u00een timp ce conducea un autoturism pe Aleea Digului, din municipiul T\u00e2rgu Jiu, de\u0219i avea suspendat dreptul de a conduce autovehicule.\u00a0\u00cen urma verific\u0103rilor efectuate, oamenii legii au confirmat faptul c\u0103 b\u0103rbatul figura cu permisul de conducere suspendat la momentul opririi \u00een trafic.<\/p>\n<p data-start=\"517\" data-end=\"711\" data-is-last-node=\"\" data-is-only-node=\"\">Pe numele acestuia a fost \u00eentocmit dosar penal pentru s\u0103v\u00e2r\u0219irea infrac\u021biunii de conducerea unui vehicul pe drumurile publice f\u0103r\u0103 permis de conducere, cercet\u0103rile fiind continuate de poli\u021bi\u0219ti.<\/p>\n","protected":false},"excerpt":{"rendered":"<p class=\"text-justify mb-2\" >Poli\u021bi\u0219tii din cadrul Biroului Ordine Public\u0103 au depistat, la data de 1 iunie 2026, \u00een jurul orei 15:45, un b\u0103rbat de 76 de ani, din comuna Turcine\u0219ti, \u00een timp ce conducea un autoturism pe Aleea Digului, din municipiul T\u00e2rgu Jiu, de\u0219i avea suspendat dreptul de [&hellip;]<\/p>\n","protected":false},"author":2,"featured_media":446,"comment_status":"open","ping_status":"open","sticky":false,"template":"","format":"standard","meta":{"footnotes":""},"categories":[13,4],"tags":[],"class_list":["post-6886","post","type-post","status-publish","format-standard","has-post-thumbnail","hentry","category-eveniment","category-ultima-ora"],"_links":{"self":[{"href":"https:\/\/radarmedia.ro\/index.php\/wp-json\/wp\/v2\/posts\/6886","targetHints":{"allow":["GET"]}}],"collection":[{"href":"https:\/\/radarmedia.ro\/index.php\/wp-json\/wp\/v2\/posts"}],"about":[{"href":"https:\/\/radarmedia.ro\/index.php\/wp-json\/wp\/v2\/types\/post"}],"author":[{"embeddable":true,"href":"https:\/\/radarmedia.ro\/index.php\/wp-json\/wp\/v2\/users\/2"}],"replies":[{"embeddable":true,"href":"https:\/\/radarmedia.ro\/index.php\/wp-json\/wp\/v2\/comments?post=6886"}],"version-history":[{"count":1,"href":"https:\/\/radarmedia.ro\/index.php\/wp-json\/wp\/v2\/posts\/6886\/revisions"}],"predecessor-version":[{"id":6887,"href":"https:\/\/radarmedia.ro\/index.php\/wp-json\/wp\/v2\/posts\/6886\/revisions\/6887"}],"wp:featuredmedia":[{"embeddable":true,"href":"https:\/\/radarmedia.ro\/index.php\/wp-json\/wp\/v2\/media\/446"}],"wp:attachment":[{"href":"https:\/\/radarmedia.ro\/index.php\/wp-json\/wp\/v2\/media?parent=6886"}],"wp:term":[{"taxonomy":"category","embeddable":true,"href":"https:\/\/radarmedia.ro\/index.php\/wp-json\/wp\/v2\/categories?post=6886"},{"taxonomy":"post_tag","embeddable":true,"href":"https:\/\/radarmedia.ro\/index.php\/wp-json\/wp\/v2\/tags?post=6886"}],"curies":[{"name":"wp","href":"https:\/\/api.w.org\/{rel}","templated":true}]}}