{"id":6888,"date":"2026-06-02T13:34:07","date_gmt":"2026-06-02T10:34:07","guid":{"rendered":"https:\/\/radarmedia.ro\/?p=6888"},"modified":"2026-06-02T13:34:07","modified_gmt":"2026-06-02T10:34:07","slug":"proteste-in-finante-si-justitie-din-cauza-noii-legi-a-salarizarii-angajatii-avertizeaza-cu-blocarea-activitatii","status":"publish","type":"post","link":"https:\/\/radarmedia.ro\/index.php\/2026\/06\/02\/proteste-in-finante-si-justitie-din-cauza-noii-legi-a-salarizarii-angajatii-avertizeaza-cu-blocarea-activitatii\/","title":{"rendered":"Proteste \u00een Finan\u021be \u0219i Justi\u021bie, din cauza noii legi a salariz\u0103rii. Angaja\u021bii avertizeaz\u0103 cu blocarea activit\u0103\u021bii"},"content":{"rendered":"<div class=\"qMYqUG_convSearchResultHighlightRoot\">\n<div class=\"\" data-turn-id-container=\"request-6a1e9523-6770-8327-9a0e-6c20f81ef734-2\" data-is-intersecting=\"true\">\n<section class=\"text-token-text-primary w-full focus:outline-none has-data-writing-block:pointer-events-none [&amp;:has([data-writing-block])&gt;*]:pointer-events-auto R6Vx5W_threadScrollVars scroll-mb-[calc(var(--scroll-root-safe-area-inset-bottom,0px)+var(--thread-response-height))] scroll-mt-[calc(var(--header-height)+min(200px,max(70px,20svh)))]\" dir=\"auto\" data-turn-id=\"request-6a1e9523-6770-8327-9a0e-6c20f81ef734-2\" data-turn-id-container=\"request-6a1e9523-6770-8327-9a0e-6c20f81ef734-2\" data-testid=\"conversation-turn-16\" data-scroll-anchor=\"false\" data-turn=\"assistant\">\n<div class=\"text-base my-auto mx-auto pb-10 [--thread-content-margin:var(--thread-content-margin-xs,calc(var(--spacing)*4))] @w-sm\/main:[--thread-content-margin:var(--thread-content-margin-sm,calc(var(--spacing)*6))] @w-lg\/main:[--thread-content-margin:var(--thread-content-margin-lg,calc(var(--spacing)*16))] px-(--thread-content-margin)\">\n<div class=\"[--thread-content-max-width:40rem] @w-lg\/main:[--thread-content-max-width:48rem] mx-auto max-w-(--thread-content-max-width) flex-1 group\/turn-messages focus-visible:outline-hidden relative flex w-full min-w-0 flex-col agent-turn\">\n<div class=\"flex max-w-full flex-col gap-4 grow\">\n<div class=\"min-h-8 text-message relative flex w-full flex-col items-end gap-2 text-start break-words whitespace-normal outline-none keyboard-focused:focus-ring [.text-message+&amp;]:mt-1\" dir=\"auto\" tabindex=\"0\" data-message-author-role=\"assistant\" data-message-id=\"f4e1a2ee-3787-4438-8f43-f6903048d5dc\" data-message-model-slug=\"gpt-5-5\" data-turn-start-message=\"true\">\n<div class=\"flex w-full flex-col gap-1 empty:hidden\">\n<div class=\"markdown prose dark:prose-invert wrap-break-word w-full light markdown-new-styling\">\n<p data-start=\"122\" data-end=\"398\">Nemul\u021bumirile fa\u021b\u0103 de proiectul noii legi a salariz\u0103rii au generat proteste at\u00e2t \u00een sistemul finan\u021belor publice, c\u00e2t \u0219i \u00een cel judiciar, angaja\u021bii din cele dou\u0103 domenii reclam\u00e2nd sc\u0103deri salariale \u0219i lipsa unei \u00eencadr\u0103ri care s\u0103 reflecte complexitatea activit\u0103\u021bii desf\u0103\u0219urate.<\/p>\n<p data-start=\"400\" data-end=\"812\">La Direc\u021bia Jude\u021bean\u0103 de Finan\u021be Gorj, salaria\u021bii au organizat mar\u021bi un protest spontan, sus\u021bin\u00e2nd c\u0103 noile prevederi le-ar reduce veniturile cu sume cuprinse \u00eentre 2.000 \u0219i 5.000 de lei lunar. Sindicali\u0219tii din finan\u021be solicit\u0103 o pozi\u021bionare mai avantajoas\u0103 \u00een grila de salarizare \u0219i avertizeaz\u0103 c\u0103 joi ar putea avea loc ac\u021biuni de protest la nivel na\u021bional, cu \u00eentreruperea activit\u0103\u021bii \u00een institu\u021biile fiscale.\u00a0\u00cen paralel, personalul auxiliar de specialitate \u0219i conex din instan\u021be \u0219i parchete protesteaz\u0103 \u00een perioada 2-5 iunie fa\u021b\u0103 de acela\u0219i proiect legislativ. Programul de lucru cu publicul este redus \u00een intervalul 08:00-12:00, fiind asigurat\u0103 doar solu\u021bionarea cauzelor urgente. Sindicali\u0219tii din Justi\u021bie sus\u021bin c\u0103 proiectul risc\u0103 s\u0103 duc\u0103 la o nou\u0103 \u00eenghe\u021bare salarial\u0103 \u0219i reclam\u0103 faptul c\u0103, \u00een ultimii zece ani, nu au beneficiat de major\u0103ri salariale reale.<\/p>\n<p data-start=\"1268\" data-end=\"1410\">Protestul din sistemul judiciar va culmina joi, c\u00e2nd activitatea instan\u021belor \u0219i parchetelor va fi suspendat\u0103 total \u00eentre orele 08:00 \u0219i 12:00.\u00a0Reprezentan\u021bii ambelor categorii profesionale urmeaz\u0103 s\u0103 participe la consult\u0103rile organizate de Ministerul Muncii pe tema noii legi a salariz\u0103rii, iar \u00een func\u021bie de rezultatul negocierilor nu exclud intensificarea protestelor.<\/p>\n<\/div>\n<\/div>\n<\/div>\n<\/div>\n<div class=\"z-0 flex min-h-[46px] justify-start\"><\/div>\n<div class=\"mt-3 w-full empty:hidden\">\n<div class=\"text-center\"><\/div>\n<\/div>\n<\/div>\n<\/div>\n<\/section>\n<\/div>\n<\/div>\n<div class=\"pointer-events-none -mt-px h-px translate-y-[calc(var(--scroll-root-safe-area-inset-bottom)-14*var(--spacing))]\" aria-hidden=\"true\"><\/div>\n<div class=\"pointer-events-none translate-y-(--scroll-root-safe-area-inset-bottom) R6Vx5W_threadScrollVars min-h-(--gutter-remaining-height,0px) group-data-stream-active\/scroll-root:h-[calc(var(--thread-response-height)-16*var(--spacing))]\"><\/div>\n","protected":false},"excerpt":{"rendered":"<p class=\"text-justify mb-2\" >Nemul\u021bumirile fa\u021b\u0103 de proiectul noii legi a salariz\u0103rii au generat proteste at\u00e2t \u00een sistemul finan\u021belor publice, c\u00e2t \u0219i \u00een cel judiciar, angaja\u021bii din cele dou\u0103 domenii reclam\u00e2nd sc\u0103deri salariale \u0219i lipsa unei \u00eencadr\u0103ri care s\u0103 reflecte complexitatea activit\u0103\u021bii desf\u0103\u0219urate. La Direc\u021bia Jude\u021bean\u0103 de Finan\u021be Gorj, [&hellip;]<\/p>\n","protected":false},"author":2,"featured_media":6889,"comment_status":"open","ping_status":"open","sticky":false,"template":"","format":"standard","meta":{"footnotes":""},"categories":[5,4],"tags":[],"class_list":["post-6888","post","type-post","status-publish","format-standard","has-post-thumbnail","hentry","category-actualitate","category-ultima-ora"],"_links":{"self":[{"href":"https:\/\/radarmedia.ro\/index.php\/wp-json\/wp\/v2\/posts\/6888","targetHints":{"allow":["GET"]}}],"collection":[{"href":"https:\/\/radarmedia.ro\/index.php\/wp-json\/wp\/v2\/posts"}],"about":[{"href":"https:\/\/radarmedia.ro\/index.php\/wp-json\/wp\/v2\/types\/post"}],"author":[{"embeddable":true,"href":"https:\/\/radarmedia.ro\/index.php\/wp-json\/wp\/v2\/users\/2"}],"replies":[{"embeddable":true,"href":"https:\/\/radarmedia.ro\/index.php\/wp-json\/wp\/v2\/comments?post=6888"}],"version-history":[{"count":1,"href":"https:\/\/radarmedia.ro\/index.php\/wp-json\/wp\/v2\/posts\/6888\/revisions"}],"predecessor-version":[{"id":6890,"href":"https:\/\/radarmedia.ro\/index.php\/wp-json\/wp\/v2\/posts\/6888\/revisions\/6890"}],"wp:featuredmedia":[{"embeddable":true,"href":"https:\/\/radarmedia.ro\/index.php\/wp-json\/wp\/v2\/media\/6889"}],"wp:attachment":[{"href":"https:\/\/radarmedia.ro\/index.php\/wp-json\/wp\/v2\/media?parent=6888"}],"wp:term":[{"taxonomy":"category","embeddable":true,"href":"https:\/\/radarmedia.ro\/index.php\/wp-json\/wp\/v2\/categories?post=6888"},{"taxonomy":"post_tag","embeddable":true,"href":"https:\/\/radarmedia.ro\/index.php\/wp-json\/wp\/v2\/tags?post=6888"}],"curies":[{"name":"wp","href":"https:\/\/api.w.org\/{rel}","templated":true}]}}