{"id":6891,"date":"2026-06-02T15:51:01","date_gmt":"2026-06-02T12:51:01","guid":{"rendered":"https:\/\/radarmedia.ro\/?p=6891"},"modified":"2026-06-02T15:51:16","modified_gmt":"2026-06-02T12:51:16","slug":"plaveti-numit-la-sefia-hidroelectrica","status":"publish","type":"post","link":"https:\/\/radarmedia.ro\/index.php\/2026\/06\/02\/plaveti-numit-la-sefia-hidroelectrica\/","title":{"rendered":"Plaveti, numit la \u0219efia Hidroelectrica"},"content":{"rendered":"<div class=\"flex h-svh w-screen flex-col\">\n<div class=\"relative z-0 flex min-h-0 w-full flex-1\">\n<div class=\"relative flex min-h-0 w-full flex-1\">\n<div class=\"@container\/main relative flex min-w-0 flex-1 flex-col -translate-y-[calc(env(safe-area-inset-bottom,0px)\/2)] pt-[calc(env(safe-area-inset-bottom,0px)\/2)]\">\n<div class=\"@w-sm\/main:[scrollbar-gutter:var(--stage-scroll-gutter)] touch:[scrollbar-width:none] group\/scroll-root relative flex min-h-0 min-w-0 flex-1 flex-col [scrollbar-gutter:stable] not-print:overflow-x-clip not-print:overflow-y-auto group-data-stream-active\/scroll-root:[overflow-anchor:none] scroll-pt-(--header-height) [--sticky-padding-top:var(--header-height)] [--sticky-padding-bottom:0px] [--scroll-root-safe-area-inset-top:calc(var(--sticky-padding-top)+env(safe-area-inset-top,0px))] [--scroll-root-safe-area-inset-bottom:calc(var(--sticky-padding-bottom)+var(--screen-keyboard-height,0px)+env(safe-area-inset-bottom,0px))] [--scroll-root-safe-area-height:calc(100lvh-var(--scroll-root-safe-area-inset-top)-var(--scroll-root-safe-area-inset-bottom))] has-data-[fixed-header=less-than-xl]:@w-xl\/main:scroll-pt-0 has-data-[fixed-header=less-than-xl]:@w-xl\/main:[--sticky-padding-top:0px] has-data-[fixed-header=less-than-xxl]:@w-2xl\/main:scroll-pt-0 has-data-[fixed-header=less-than-xxl]:@w-2xl\/main:[--sticky-padding-top:0px]\" data-scroll-root=\"\" data-scroll-from-top=\"\">\n<p>Consiliul de Supraveghere al <span class=\"hover:entity-accent entity-underline inline cursor-pointer align-baseline\"><span class=\"whitespace-normal\">Hidroelectrica<\/span><\/span> a decis numirea lui Iulius-Dan Plaveti \u00een func\u021bia de pre\u0219edinte al Directoratului \u0219i director general executiv (CEO), \u00eencep\u00e2nd cu data de 29 mai. Mandatul acestuia se va desf\u0103\u0219ura p\u00e2n\u0103 la 7 noiembrie 2027, \u00een urma finaliz\u0103rii procedurii de selec\u021bie derulate conform legisla\u021biei privind guvernan\u021ba corporativ\u0103 a \u00eentreprinderilor publice.<\/p>\n<div id=\"thread\" class=\"group\/thread flex flex-col min-h-full\">\n<div class=\"composer-parent flex flex-1 flex-col focus-visible:outline-0\" role=\"presentation\">\n<div class=\"relative basis-auto flex-col -mb-(--composer-overlap-px) pb-(--composer-overlap-px) [--composer-overlap-px:28px] grow flex\" data-voice-floating-orb-focus-background=\"\">\n<div class=\"flex flex-col text-sm\">\n<div class=\"qMYqUG_convSearchResultHighlightRoot\">\n<div class=\"\" data-turn-id-container=\"request-WEB:815a5caf-0df1-493d-9f8e-14909b84bef3-5\" data-is-intersecting=\"true\">\n<section class=\"text-token-text-primary w-full focus:outline-none has-data-writing-block:pointer-events-none [&amp;:has([data-writing-block])&gt;*]:pointer-events-auto R6Vx5W_threadScrollVars scroll-mb-[calc(var(--scroll-root-safe-area-inset-bottom,0px)+var(--thread-response-height))] scroll-mt-[calc(var(--header-height)+min(200px,max(70px,20svh)))]\" dir=\"auto\" data-turn-id=\"request-WEB:815a5caf-0df1-493d-9f8e-14909b84bef3-5\" data-turn-id-container=\"request-WEB:815a5caf-0df1-493d-9f8e-14909b84bef3-5\" data-testid=\"conversation-turn-12\" data-scroll-anchor=\"false\" data-turn=\"assistant\">\n<div class=\"text-base my-auto mx-auto pb-10 [--thread-content-margin:var(--thread-content-margin-xs,calc(var(--spacing)*4))] @w-sm\/main:[--thread-content-margin:var(--thread-content-margin-sm,calc(var(--spacing)*6))] @w-lg\/main:[--thread-content-margin:var(--thread-content-margin-lg,calc(var(--spacing)*16))] px-(--thread-content-margin)\">\n<div class=\"[--thread-content-max-width:40rem] @w-lg\/main:[--thread-content-max-width:48rem] mx-auto max-w-(--thread-content-max-width) flex-1 group\/turn-messages focus-visible:outline-hidden relative flex w-full min-w-0 flex-col agent-turn\">\n<div class=\"flex max-w-full flex-col gap-4 grow\">\n<div class=\"min-h-8 text-message relative flex w-full flex-col items-end gap-2 text-start break-words whitespace-normal outline-none keyboard-focused:focus-ring [.text-message+&amp;]:mt-1\" dir=\"auto\" tabindex=\"0\" data-message-author-role=\"assistant\" data-message-id=\"71336fe3-8cbe-475b-addc-3cc90575b722\" data-turn-start-message=\"true\" data-message-model-slug=\"gpt-5-5\">\n<div class=\"flex w-full flex-col gap-1 empty:hidden\">\n<div class=\"markdown prose dark:prose-invert wrap-break-word w-full light markdown-new-styling\">\n<p data-start=\"543\" data-end=\"929\">Potrivit companiei, Plaveti va prelua efectiv func\u021bia dup\u0103 renun\u021barea la toate pozi\u021biile de administrator sau director de\u021binute \u00een alte consilii de administra\u021bie, consilii de supraveghere \u0219i directorate, at\u00e2t \u00een companii de stat, c\u00e2t \u0219i private. \u00cen aceea\u0219i \u0219edin\u021b\u0103, Mihail-Dan Stan a fost numit membru al Directoratului \u0219i director financiar (CFO).<\/p>\n<p data-start=\"1389\" data-end=\"1917\">Numirea sa survine \u00eentr-un context \u00een care activitatea \u0219i parcursul profesional al lui Plaveti au fost subiectul unor controverse publice privind experien\u021ba profesional\u0103 \u0219i ocuparea unor func\u021bii de conducere \u00een companii strategice ale statului. De asemenea, \u00een perioada \u00een care a condus Complexul Energetic Oltenia, procedurile de selec\u021bie a conducerii companiei au fost criticate de Comisia European\u0103, care a solicitat remedierea unor aspecte legate de guvernan\u021ba corporativ\u0103, \u00een cadrul jaloanelor asumate de Rom\u00e2nia prin PNRR.\u00a0Hidroelectrica este cel mai mare produc\u0103tor de energie electric\u0103 din Rom\u00e2nia \u0219i una dintre cele mai valoroase companii listate la Bursa de Valori Bucure\u0219ti.<\/p>\n<\/div>\n<\/div>\n<\/div>\n<\/div>\n<div class=\"z-0 flex min-h-[46px] justify-start\"><\/div>\n<\/div>\n<\/div>\n<\/section>\n<\/div>\n<\/div>\n<\/div>\n<\/div>\n<\/div>\n<\/div>\n<p>&nbsp;<\/p>\n<\/div>\n<\/div>\n<\/div>\n<\/div>\n<\/div>\n","protected":false},"excerpt":{"rendered":"<p class=\"text-justify mb-2\" >Consiliul de Supraveghere al Hidroelectrica a decis numirea lui Iulius-Dan Plaveti \u00een func\u021bia de pre\u0219edinte al Directoratului \u0219i director general executiv (CEO), \u00eencep\u00e2nd cu data de 29 mai. Mandatul acestuia se va desf\u0103\u0219ura p\u00e2n\u0103 la 7 noiembrie 2027, \u00een urma finaliz\u0103rii procedurii de selec\u021bie derulate [&hellip;]<\/p>\n","protected":false},"author":2,"featured_media":6892,"comment_status":"open","ping_status":"open","sticky":false,"template":"","format":"standard","meta":{"footnotes":""},"categories":[5,4],"tags":[],"class_list":["post-6891","post","type-post","status-publish","format-standard","has-post-thumbnail","hentry","category-actualitate","category-ultima-ora"],"_links":{"self":[{"href":"https:\/\/radarmedia.ro\/index.php\/wp-json\/wp\/v2\/posts\/6891","targetHints":{"allow":["GET"]}}],"collection":[{"href":"https:\/\/radarmedia.ro\/index.php\/wp-json\/wp\/v2\/posts"}],"about":[{"href":"https:\/\/radarmedia.ro\/index.php\/wp-json\/wp\/v2\/types\/post"}],"author":[{"embeddable":true,"href":"https:\/\/radarmedia.ro\/index.php\/wp-json\/wp\/v2\/users\/2"}],"replies":[{"embeddable":true,"href":"https:\/\/radarmedia.ro\/index.php\/wp-json\/wp\/v2\/comments?post=6891"}],"version-history":[{"count":2,"href":"https:\/\/radarmedia.ro\/index.php\/wp-json\/wp\/v2\/posts\/6891\/revisions"}],"predecessor-version":[{"id":6894,"href":"https:\/\/radarmedia.ro\/index.php\/wp-json\/wp\/v2\/posts\/6891\/revisions\/6894"}],"wp:featuredmedia":[{"embeddable":true,"href":"https:\/\/radarmedia.ro\/index.php\/wp-json\/wp\/v2\/media\/6892"}],"wp:attachment":[{"href":"https:\/\/radarmedia.ro\/index.php\/wp-json\/wp\/v2\/media?parent=6891"}],"wp:term":[{"taxonomy":"category","embeddable":true,"href":"https:\/\/radarmedia.ro\/index.php\/wp-json\/wp\/v2\/categories?post=6891"},{"taxonomy":"post_tag","embeddable":true,"href":"https:\/\/radarmedia.ro\/index.php\/wp-json\/wp\/v2\/tags?post=6891"}],"curies":[{"name":"wp","href":"https:\/\/api.w.org\/{rel}","templated":true}]}}