{"id":6896,"date":"2026-06-03T07:43:04","date_gmt":"2026-06-03T04:43:04","guid":{"rendered":"https:\/\/radarmedia.ro\/?p=6896"},"modified":"2026-06-03T07:43:04","modified_gmt":"2026-06-03T04:43:04","slug":"tanara-de-18-ani-la-spital-dupa-ce-a-fost-agresata-in-propria-locuinta-de-indivizi-mascati","status":"publish","type":"post","link":"https:\/\/radarmedia.ro\/index.php\/2026\/06\/03\/tanara-de-18-ani-la-spital-dupa-ce-a-fost-agresata-in-propria-locuinta-de-indivizi-mascati\/","title":{"rendered":"T\u00e2n\u0103r\u0103 de 18 ani, la spital dup\u0103 ce a fost agresat\u0103 \u00een propria locuin\u021b\u0103 de indivizi masca\u021bi"},"content":{"rendered":"<p data-start=\"86\" data-end=\"248\">O t\u00e2n\u0103r\u0103 de 18 ani din comuna Jup\u00e2ne\u0219ti a ajuns la spital dup\u0103 ce a fost agresat\u0103 \u00een propria locuin\u021b\u0103 de trei persoane care au p\u0103truns \u00een imobil \u00een timpul nop\u021bii.\u00a0Potrivit poli\u021bi\u0219tilor, fata se afla acas\u0103 \u00eempreun\u0103 cu mama \u0219i fratele s\u0103u c\u00e2nd trei b\u0103rba\u021bi cu fe\u021bele acoperite au intrat \u00een curtea locuin\u021bei, iar apoi \u00een cas\u0103, dup\u0103 ce au spart geamul u\u0219ii de acces. Unul dintre agresori ar fi lovit-o cu un obiect contondent, provoc\u00e2ndu-i leziuni la nivelul membrelor superioare \u0219i inferioare.<\/p>\n<p data-start=\"579\" data-end=\"755\">Dup\u0103 atac, cei trei au fugit cu un autoturism. T\u00e2n\u0103ra a solicitat ajutor medical \u0219i a fost transportat\u0103 la Spitalul Or\u0103\u0219enesc T\u00e2rgu-C\u0103rbune\u0219ti pentru \u00eengrijiri de specialitate.\u00a0\u00cen urma cercet\u0103rilor, poli\u021bi\u0219tii au identificat trei suspec\u021bi, iar fa\u021b\u0103 de unul dintre ace\u0219tia, un b\u0103rbat de 28 de ani din Mu\u0219ete\u0219ti, a fost emis un ordin de protec\u021bie provizoriu. Victima \u0219i-a exprimat acordul pentru monitorizarea electronic\u0103 a agresorului.<\/p>\n<p data-start=\"1016\" data-end=\"1173\" data-is-last-node=\"\" data-is-only-node=\"\">Ancheta este continuat\u0103 de Serviciul de Investiga\u021bii Criminale Gorj, \u00eentr-un dosar penal pentru lovire sau alte violen\u021be, violare de domiciliu \u0219i distrugere.<\/p>\n","protected":false},"excerpt":{"rendered":"<p class=\"text-justify mb-2\" >O t\u00e2n\u0103r\u0103 de 18 ani din comuna Jup\u00e2ne\u0219ti a ajuns la spital dup\u0103 ce a fost agresat\u0103 \u00een propria locuin\u021b\u0103 de trei persoane care au p\u0103truns \u00een imobil \u00een timpul nop\u021bii.\u00a0Potrivit poli\u021bi\u0219tilor, fata se afla acas\u0103 \u00eempreun\u0103 cu mama \u0219i fratele s\u0103u c\u00e2nd trei b\u0103rba\u021bi [&hellip;]<\/p>\n","protected":false},"author":2,"featured_media":6897,"comment_status":"open","ping_status":"open","sticky":false,"template":"","format":"standard","meta":{"footnotes":""},"categories":[13,142],"tags":[],"class_list":["post-6896","post","type-post","status-publish","format-standard","has-post-thumbnail","hentry","category-eveniment","category-urari"],"_links":{"self":[{"href":"https:\/\/radarmedia.ro\/index.php\/wp-json\/wp\/v2\/posts\/6896","targetHints":{"allow":["GET"]}}],"collection":[{"href":"https:\/\/radarmedia.ro\/index.php\/wp-json\/wp\/v2\/posts"}],"about":[{"href":"https:\/\/radarmedia.ro\/index.php\/wp-json\/wp\/v2\/types\/post"}],"author":[{"embeddable":true,"href":"https:\/\/radarmedia.ro\/index.php\/wp-json\/wp\/v2\/users\/2"}],"replies":[{"embeddable":true,"href":"https:\/\/radarmedia.ro\/index.php\/wp-json\/wp\/v2\/comments?post=6896"}],"version-history":[{"count":1,"href":"https:\/\/radarmedia.ro\/index.php\/wp-json\/wp\/v2\/posts\/6896\/revisions"}],"predecessor-version":[{"id":6898,"href":"https:\/\/radarmedia.ro\/index.php\/wp-json\/wp\/v2\/posts\/6896\/revisions\/6898"}],"wp:featuredmedia":[{"embeddable":true,"href":"https:\/\/radarmedia.ro\/index.php\/wp-json\/wp\/v2\/media\/6897"}],"wp:attachment":[{"href":"https:\/\/radarmedia.ro\/index.php\/wp-json\/wp\/v2\/media?parent=6896"}],"wp:term":[{"taxonomy":"category","embeddable":true,"href":"https:\/\/radarmedia.ro\/index.php\/wp-json\/wp\/v2\/categories?post=6896"},{"taxonomy":"post_tag","embeddable":true,"href":"https:\/\/radarmedia.ro\/index.php\/wp-json\/wp\/v2\/tags?post=6896"}],"curies":[{"name":"wp","href":"https:\/\/api.w.org\/{rel}","templated":true}]}}