{"id":6902,"date":"2026-06-04T09:00:29","date_gmt":"2026-06-04T06:00:29","guid":{"rendered":"https:\/\/radarmedia.ro\/?p=6902"},"modified":"2026-06-04T09:00:29","modified_gmt":"2026-06-04T06:00:29","slug":"trei-barbati-care-au-intrat-noaptea-peste-o-tanara-in-casa-si-au-agresat-o-arestati-preventiv","status":"publish","type":"post","link":"https:\/\/radarmedia.ro\/index.php\/2026\/06\/04\/trei-barbati-care-au-intrat-noaptea-peste-o-tanara-in-casa-si-au-agresat-o-arestati-preventiv\/","title":{"rendered":"Trei b\u0103rba\u021bi, care au intrat noaptea peste o t\u00e2n\u0103r\u0103 \u00een cas\u0103 \u0219i au agresat-o, aresta\u021bi preventiv"},"content":{"rendered":"<div class=\"qMYqUG_convSearchResultHighlightRoot\">\n<div class=\"\" data-turn-id-container=\"request-WEB:e75a1991-0bfd-4801-8583-d72d9796619c-16\" data-is-intersecting=\"true\">\n<section class=\"text-token-text-primary w-full focus:outline-none has-data-writing-block:pointer-events-none [&amp;:has([data-writing-block])&gt;*]:pointer-events-auto R6Vx5W_threadScrollVars scroll-mb-[calc(var(--scroll-root-safe-area-inset-bottom,0px)+var(--thread-response-height))] scroll-mt-[calc(var(--header-height)+min(200px,max(70px,20svh)))]\" dir=\"auto\" data-turn-id=\"request-WEB:e75a1991-0bfd-4801-8583-d72d9796619c-16\" data-turn-id-container=\"request-WEB:e75a1991-0bfd-4801-8583-d72d9796619c-16\" data-testid=\"conversation-turn-24\" data-scroll-anchor=\"false\" data-turn=\"assistant\">\n<div class=\"text-base my-auto mx-auto pb-10 [--thread-content-margin:var(--thread-content-margin-xs,calc(var(--spacing)*4))] @w-sm\/main:[--thread-content-margin:var(--thread-content-margin-sm,calc(var(--spacing)*6))] @w-lg\/main:[--thread-content-margin:var(--thread-content-margin-lg,calc(var(--spacing)*16))] px-(--thread-content-margin)\">\n<div class=\"[--thread-content-max-width:40rem] @w-lg\/main:[--thread-content-max-width:48rem] mx-auto max-w-(--thread-content-max-width) flex-1 group\/turn-messages focus-visible:outline-hidden relative flex w-full min-w-0 flex-col agent-turn\">\n<div class=\"flex max-w-full flex-col gap-4 grow\">\n<div class=\"min-h-8 text-message relative flex w-full flex-col items-end gap-2 text-start break-words whitespace-normal outline-none keyboard-focused:focus-ring [.text-message+&amp;]:mt-1\" dir=\"auto\" tabindex=\"0\" data-message-author-role=\"assistant\" data-message-id=\"ac5a7054-15b8-4a00-8fd9-c28878bf1932\" data-message-model-slug=\"gpt-5-5\" data-turn-start-message=\"true\">\n<div class=\"flex w-full flex-col gap-1 empty:hidden\">\n<div class=\"markdown prose dark:prose-invert wrap-break-word w-full light markdown-new-styling\">\n<p data-start=\"0\" data-end=\"223\">Cei trei b\u0103rba\u021bi cerceta\u021bi pentru agresarea unei tinere de 18 ani din comuna Jup\u00e2ne\u0219ti au fost aresta\u021bi preventiv pentru 30 de zile, a informat, joi, Inspectoratul de Poli\u021bie Jude\u021bean Gorj.\u00a0Potrivit sursei citate, este vorba despre un b\u0103rbat de 28 de ani din comuna Mu\u0219ete\u0219ti \u0219i doi tineri de 19 ani din municipiul T\u00e2rgu Jiu, suspecta\u021bi de s\u0103v\u00e2r\u0219irea infrac\u021biunilor de lovire sau alte violen\u021be, violare de domiciliu \u0219i distrugere.\u00a0Anchetatorii au stabilit c\u0103, \u00een noaptea de 2 iunie, cei trei ar fi p\u0103truns \u00een locuin\u021ba unei familii din Jup\u00e2ne\u0219ti dup\u0103 ce au spart geamul u\u0219ii de acces. Av\u00e2nd fe\u021bele acoperite, ace\u0219tia ar fi intrat \u00een imobil, iar unul dintre suspec\u021bi ar fi lovit-o pe t\u00e2n\u0103ra de 18 ani cu un obiect contondent, provoc\u00e2ndu-i leziuni la nivelul membrelor.<\/p>\n<p data-start=\"804\" data-end=\"1003\">Dup\u0103 incident, victima a fost transportat\u0103 la Spitalul Or\u0103\u0219enesc T\u00e2rgu-C\u0103rbune\u0219ti pentru \u00eengrijiri medicale, iar cercet\u0103rile au fost preluate de poli\u021bi\u0219tii Serviciului de Investiga\u021bii Criminale Gorj.<\/p>\n<p data-start=\"1005\" data-end=\"1247\">\u00cen urma activit\u0103\u021bilor investigative, cei trei suspec\u021bi au fost identifica\u021bi \u0219i condu\u0219i la audieri. De asemenea, au fost efectuate dou\u0103 perchezi\u021bii domiciliare, iar \u00een cazul b\u0103rbatului de 28 de ani a fost emis un ordin de protec\u021bie provizoriu.\u00a0IPJ Gorj a precizat c\u0103 fa\u021b\u0103 de cei trei b\u0103rba\u021bi a fost dispus\u0103 m\u0103sura arest\u0103rii preventive pentru 30 de zile.<\/p>\n<\/div>\n<\/div>\n<\/div>\n<\/div>\n<div class=\"z-0 flex min-h-[46px] justify-start\"><\/div>\n<div class=\"mt-3 w-full empty:hidden\">\n<div class=\"text-center\"><\/div>\n<\/div>\n<\/div>\n<\/div>\n<\/section>\n<\/div>\n<\/div>\n<div class=\"pointer-events-none -mt-px h-px translate-y-[calc(var(--scroll-root-safe-area-inset-bottom)-14*var(--spacing))]\" aria-hidden=\"true\"><\/div>\n","protected":false},"excerpt":{"rendered":"<p class=\"text-justify mb-2\" >Cei trei b\u0103rba\u021bi cerceta\u021bi pentru agresarea unei tinere de 18 ani din comuna Jup\u00e2ne\u0219ti au fost aresta\u021bi preventiv pentru 30 de zile, a informat, joi, Inspectoratul de Poli\u021bie Jude\u021bean Gorj.\u00a0Potrivit sursei citate, este vorba despre un b\u0103rbat de 28 de ani din comuna Mu\u0219ete\u0219ti \u0219i [&hellip;]<\/p>\n","protected":false},"author":2,"featured_media":6903,"comment_status":"open","ping_status":"open","sticky":false,"template":"","format":"standard","meta":{"footnotes":""},"categories":[13,4],"tags":[],"class_list":["post-6902","post","type-post","status-publish","format-standard","has-post-thumbnail","hentry","category-eveniment","category-ultima-ora"],"_links":{"self":[{"href":"https:\/\/radarmedia.ro\/index.php\/wp-json\/wp\/v2\/posts\/6902","targetHints":{"allow":["GET"]}}],"collection":[{"href":"https:\/\/radarmedia.ro\/index.php\/wp-json\/wp\/v2\/posts"}],"about":[{"href":"https:\/\/radarmedia.ro\/index.php\/wp-json\/wp\/v2\/types\/post"}],"author":[{"embeddable":true,"href":"https:\/\/radarmedia.ro\/index.php\/wp-json\/wp\/v2\/users\/2"}],"replies":[{"embeddable":true,"href":"https:\/\/radarmedia.ro\/index.php\/wp-json\/wp\/v2\/comments?post=6902"}],"version-history":[{"count":1,"href":"https:\/\/radarmedia.ro\/index.php\/wp-json\/wp\/v2\/posts\/6902\/revisions"}],"predecessor-version":[{"id":6904,"href":"https:\/\/radarmedia.ro\/index.php\/wp-json\/wp\/v2\/posts\/6902\/revisions\/6904"}],"wp:featuredmedia":[{"embeddable":true,"href":"https:\/\/radarmedia.ro\/index.php\/wp-json\/wp\/v2\/media\/6903"}],"wp:attachment":[{"href":"https:\/\/radarmedia.ro\/index.php\/wp-json\/wp\/v2\/media?parent=6902"}],"wp:term":[{"taxonomy":"category","embeddable":true,"href":"https:\/\/radarmedia.ro\/index.php\/wp-json\/wp\/v2\/categories?post=6902"},{"taxonomy":"post_tag","embeddable":true,"href":"https:\/\/radarmedia.ro\/index.php\/wp-json\/wp\/v2\/tags?post=6902"}],"curies":[{"name":"wp","href":"https:\/\/api.w.org\/{rel}","templated":true}]}}