{"id":6905,"date":"2026-06-08T07:47:53","date_gmt":"2026-06-08T04:47:53","guid":{"rendered":"https:\/\/radarmedia.ro\/?p=6905"},"modified":"2026-06-08T07:47:53","modified_gmt":"2026-06-08T04:47:53","slug":"radiografii-pulmonare-gratuite-pentru-locuitorii-din-dragutesti-caravana-sanatatii-plamanilor-ajunge-la-primarie","status":"publish","type":"post","link":"https:\/\/radarmedia.ro\/index.php\/2026\/06\/08\/radiografii-pulmonare-gratuite-pentru-locuitorii-din-dragutesti-caravana-sanatatii-plamanilor-ajunge-la-primarie\/","title":{"rendered":"Radiografii pulmonare gratuite pentru locuitorii din Dr\u0103gu\u021be\u0219ti. \u201eCaravana S\u0103n\u0103t\u0103\u021bii Pl\u0103m\u00e2nilor\u201d ajunge la prim\u0103rie"},"content":{"rendered":"<div class=\"flex h-svh w-screen flex-col\">\n<div class=\"relative z-0 flex min-h-0 w-full flex-1\">\n<div class=\"relative flex min-h-0 w-full min-w-0 flex-1\">\n<div class=\"@container\/main relative flex min-w-0 flex-1 flex-col -translate-y-[calc(env(safe-area-inset-bottom,0px)\/2)] pt-[calc(env(safe-area-inset-bottom,0px)\/2)]\">\n<div class=\"@w-sm\/main:[scrollbar-gutter:var(--stage-scroll-gutter)] touch:[scrollbar-width:none] group\/scroll-root relative flex min-h-0 min-w-0 flex-1 flex-col [scrollbar-gutter:stable] not-print:overflow-x-clip not-print:overflow-y-auto group-data-stream-active\/scroll-root:[overflow-anchor:none] scroll-pt-(--header-height) [--sticky-padding-top:var(--header-height)] [--sticky-padding-bottom:0px] [--scroll-root-safe-area-inset-top:calc(var(--sticky-padding-top)+env(safe-area-inset-top,0px))] [--scroll-root-safe-area-inset-bottom:calc(var(--sticky-padding-bottom)+var(--screen-keyboard-height,0px)+env(safe-area-inset-bottom,0px))] [--scroll-root-safe-area-height:calc(100lvh-var(--scroll-root-safe-area-inset-top)-var(--scroll-root-safe-area-inset-bottom))] has-data-[fixed-header=less-than-xl]:@w-xl\/main:scroll-pt-0 has-data-[fixed-header=less-than-xl]:@w-xl\/main:[--sticky-padding-top:0px] has-data-[fixed-header=less-than-xxl]:@w-2xl\/main:scroll-pt-0 has-data-[fixed-header=less-than-xxl]:@w-2xl\/main:[--sticky-padding-top:0px]\" data-scroll-root=\"\" data-scroll-from-top=\"\"><main id=\"main\" class=\"not-keyboard-focused:outline-none min-h-0 flex-1\" tabindex=\"-1\"><\/p>\n<div id=\"thread\" class=\"group\/thread flex flex-col min-h-full\">\n<div class=\"composer-parent flex flex-1 flex-col focus-visible:outline-0\" role=\"presentation\">\n<div class=\"relative basis-auto flex-col -mb-(--composer-overlap-px) pb-(--composer-overlap-px) [--composer-overlap-px:28px] grow flex\" data-voice-floating-orb-focus-background=\"\">\n<div class=\"flex flex-col text-sm\">\n<div class=\"qMYqUG_convSearchResultHighlightRoot\">\n<div class=\"\" data-turn-id-container=\"request-WEB:0320ee36-dd4a-420b-b6aa-436a9e374ae9-0\" data-is-intersecting=\"true\">\n<section class=\"text-token-text-primary w-full focus:outline-none has-data-writing-block:pointer-events-none [&amp;:has([data-writing-block])&gt;*]:pointer-events-auto R6Vx5W_threadScrollVars scroll-mb-[calc(var(--scroll-root-safe-area-inset-bottom,0px)+var(--thread-response-height))] scroll-mt-[calc(var(--header-height)+min(200px,max(70px,20svh)))]\" dir=\"auto\" data-turn-id=\"request-WEB:0320ee36-dd4a-420b-b6aa-436a9e374ae9-0\" data-turn-id-container=\"request-WEB:0320ee36-dd4a-420b-b6aa-436a9e374ae9-0\" data-testid=\"conversation-turn-2\" data-scroll-anchor=\"false\" data-turn=\"assistant\">\n<div class=\"text-base my-auto mx-auto pb-10 [--thread-content-margin:var(--thread-content-margin-xs,calc(var(--spacing)*4))] @w-sm\/main:[--thread-content-margin:var(--thread-content-margin-sm,calc(var(--spacing)*6))] @w-lg\/main:[--thread-content-margin:var(--thread-content-margin-lg,calc(var(--spacing)*16))] px-(--thread-content-margin)\">\n<div class=\"[--thread-content-max-width:40rem] @w-lg\/main:[--thread-content-max-width:48rem] mx-auto max-w-(--thread-content-max-width) flex-1 group\/turn-messages focus-visible:outline-hidden relative flex w-full min-w-0 flex-col agent-turn\" data-conversation-screenshot-content=\"\">\n<div class=\"flex max-w-full flex-col gap-4 grow\">\n<div class=\"min-h-8 text-message relative flex w-full flex-col items-end gap-2 text-start break-words whitespace-normal outline-none keyboard-focused:focus-ring [.text-message+&amp;]:mt-1\" dir=\"auto\" tabindex=\"0\" data-message-author-role=\"assistant\" data-message-id=\"ea3f216e-06f6-404a-ac31-8ef34890eccf\" data-message-model-slug=\"gpt-5-5\" data-turn-start-message=\"true\">\n<div class=\"flex w-full flex-col gap-1 empty:hidden\">\n<div class=\"markdown prose dark:prose-invert wrap-break-word w-full light markdown-new-styling\">\n<p data-start=\"131\" data-end=\"375\">Locuitorii comunei Dr\u0103gu\u021be\u0219ti care au \u00eemplinit v\u00e2rsta de 18 ani vor putea beneficia de radiografii pulmonare gratuite, miercuri, 17 iunie 2026, \u00een cadrul campaniei \u201eCaravana S\u0103n\u0103t\u0103\u021bii Pl\u0103m\u00e2nilor\u201d, care va sta\u021biona la sediul Prim\u0103riei Dr\u0103gu\u021be\u0219ti.\u00a0Ac\u021biunea are ca scop depistarea precoce a tuberculozei \u0219i a altor afec\u021biuni respiratorii, oferind cet\u0103\u021benilor acces facil la investiga\u021bii medicale esen\u021biale. Campania este organizat\u0103 \u00een parteneriat cu <span class=\"hover:entity-accent entity-underline inline cursor-pointer align-baseline\"><span class=\"whitespace-normal\">Institutul de Pneumoftiziologie \u201eMarius Nasta\u201d<\/span><\/span> \u0219i face parte din proiectul european \u201eSCREENING TB \u2013 Organizarea programului de depistare precoce a tuberculozei la popula\u021bia vulnerabil\u0103\u201d, cod MySMIS 324871.<\/p>\n<p data-start=\"776\" data-end=\"1029\">Persoanele interesate sunt rugate s\u0103 se programeze \u00een prealabil la num\u0103rul de telefon 0765.740.174, persoan\u0103 de contact Gridan Simona. Pentru efectuarea investiga\u021biilor, participan\u021bii trebuie s\u0103 aib\u0103 asupra lor actul de identitate \u0219i o copie a acestuia.\u00a0\u201eCaravana S\u0103n\u0103t\u0103\u021bii Pl\u0103m\u00e2nilor\u201d reprezint\u0103 o nou\u0103 ini\u021biativ\u0103 de s\u0103n\u0103tate public\u0103 menit\u0103 s\u0103 faciliteze accesul popula\u021biei la servicii de preven\u021bie \u0219i diagnostic timpuriu. Prin intermediul unei unit\u0103\u021bi mobile moderne, investiga\u021biile medicale ajung direct \u00een comunit\u0103\u021bi, contribuind la identificarea din timp a problemelor respiratorii \u0219i la reducerea riscurilor asociate acestora.<\/p>\n<p data-start=\"1411\" data-end=\"1756\">Proiectul \u201eSCREENING TB\u201d este cofinan\u021bat de Uniunea European\u0103 prin Programul S\u0103n\u0103tate \u0219i urm\u0103re\u0219te \u00eembun\u0103t\u0103\u021birea serviciilor preventive \u0219i a asisten\u021bei medicale primare, comunitare \u0219i ambulatorii. Ini\u021biativa se \u00eenscrie \u00een Obiectivul de politic\u0103 4 \u2013 o Europ\u0103 mai social\u0103 \u0219i mai incluziv\u0103, prin aplicarea Pilonului european al drepturilor sociale.<\/p>\n<p data-start=\"1758\" data-end=\"2017\" data-is-last-node=\"\" data-is-only-node=\"\">Sub sloganul \u201eRespir\u0103m \u00eempreun\u0103\u201d, echipele medicale implicate \u00een proiect \u00ee\u0219i propun s\u0103 ofere acces la servicii de screening pentru c\u00e2t mai multe persoane, contribuind astfel la depistarea precoce a tuberculozei \u0219i la protejarea s\u0103n\u0103t\u0103\u021bii comunit\u0103\u021bilor locale.<\/p>\n<\/div>\n<\/div>\n<\/div>\n<\/div>\n<\/div>\n<\/div>\n<\/section>\n<\/div>\n<\/div>\n<\/div>\n<\/div>\n<\/div>\n<\/div>\n<p><\/main><\/div>\n<\/div>\n<\/div>\n<\/div>\n<\/div>\n","protected":false},"excerpt":{"rendered":"<p class=\"text-justify mb-2\" >Locuitorii comunei Dr\u0103gu\u021be\u0219ti care au \u00eemplinit v\u00e2rsta de 18 ani vor putea beneficia de radiografii pulmonare gratuite, miercuri, 17 iunie 2026, \u00een cadrul campaniei \u201eCaravana S\u0103n\u0103t\u0103\u021bii Pl\u0103m\u00e2nilor\u201d, care va sta\u021biona la sediul Prim\u0103riei Dr\u0103gu\u021be\u0219ti.\u00a0Ac\u021biunea are ca scop depistarea precoce a tuberculozei \u0219i a altor afec\u021biuni [&hellip;]<\/p>\n","protected":false},"author":2,"featured_media":6906,"comment_status":"open","ping_status":"open","sticky":false,"template":"","format":"standard","meta":{"footnotes":""},"categories":[5,4],"tags":[],"class_list":["post-6905","post","type-post","status-publish","format-standard","has-post-thumbnail","hentry","category-actualitate","category-ultima-ora"],"_links":{"self":[{"href":"https:\/\/radarmedia.ro\/index.php\/wp-json\/wp\/v2\/posts\/6905","targetHints":{"allow":["GET"]}}],"collection":[{"href":"https:\/\/radarmedia.ro\/index.php\/wp-json\/wp\/v2\/posts"}],"about":[{"href":"https:\/\/radarmedia.ro\/index.php\/wp-json\/wp\/v2\/types\/post"}],"author":[{"embeddable":true,"href":"https:\/\/radarmedia.ro\/index.php\/wp-json\/wp\/v2\/users\/2"}],"replies":[{"embeddable":true,"href":"https:\/\/radarmedia.ro\/index.php\/wp-json\/wp\/v2\/comments?post=6905"}],"version-history":[{"count":1,"href":"https:\/\/radarmedia.ro\/index.php\/wp-json\/wp\/v2\/posts\/6905\/revisions"}],"predecessor-version":[{"id":6907,"href":"https:\/\/radarmedia.ro\/index.php\/wp-json\/wp\/v2\/posts\/6905\/revisions\/6907"}],"wp:featuredmedia":[{"embeddable":true,"href":"https:\/\/radarmedia.ro\/index.php\/wp-json\/wp\/v2\/media\/6906"}],"wp:attachment":[{"href":"https:\/\/radarmedia.ro\/index.php\/wp-json\/wp\/v2\/media?parent=6905"}],"wp:term":[{"taxonomy":"category","embeddable":true,"href":"https:\/\/radarmedia.ro\/index.php\/wp-json\/wp\/v2\/categories?post=6905"},{"taxonomy":"post_tag","embeddable":true,"href":"https:\/\/radarmedia.ro\/index.php\/wp-json\/wp\/v2\/tags?post=6905"}],"curies":[{"name":"wp","href":"https:\/\/api.w.org\/{rel}","templated":true}]}}