{"id":6908,"date":"2026-06-08T21:16:14","date_gmt":"2026-06-08T18:16:14","guid":{"rendered":"https:\/\/radarmedia.ro\/?p=6908"},"modified":"2026-06-08T21:16:14","modified_gmt":"2026-06-08T18:16:14","slug":"copil-de-2-ani-inecat-in-raul-amaradia-politia-a-deschis-dosar-penal","status":"publish","type":"post","link":"https:\/\/radarmedia.ro\/index.php\/2026\/06\/08\/copil-de-2-ani-inecat-in-raul-amaradia-politia-a-deschis-dosar-penal\/","title":{"rendered":"Copil de 2 ani, \u00eenecat \u00een r\u00e2ul Amaradia. Poli\u021bia a deschis dosar penal"},"content":{"rendered":"<div class=\"qMYqUG_convSearchResultHighlightRoot\">\n<div class=\"\" data-turn-id-container=\"request-WEB:53b0d8b5-245b-4468-a84d-d722aa8d61ea-0\" data-is-intersecting=\"true\">\n<section class=\"text-token-text-primary w-full focus:outline-none has-data-writing-block:pointer-events-none [&amp;:has([data-writing-block])&gt;*]:pointer-events-auto R6Vx5W_threadScrollVars scroll-mb-[calc(var(--scroll-root-safe-area-inset-bottom,0px)+var(--thread-response-height))] scroll-mt-[calc(var(--header-height)+min(200px,max(70px,20svh)))]\" dir=\"auto\" data-turn-id=\"request-WEB:53b0d8b5-245b-4468-a84d-d722aa8d61ea-0\" data-turn-id-container=\"request-WEB:53b0d8b5-245b-4468-a84d-d722aa8d61ea-0\" data-testid=\"conversation-turn-2\" data-scroll-anchor=\"false\" data-turn=\"assistant\">\n<div class=\"text-base my-auto mx-auto pb-10 [--thread-content-margin:var(--thread-content-margin-xs,calc(var(--spacing)*4))] @w-sm\/main:[--thread-content-margin:var(--thread-content-margin-sm,calc(var(--spacing)*6))] @w-lg\/main:[--thread-content-margin:var(--thread-content-margin-lg,calc(var(--spacing)*16))] px-(--thread-content-margin)\">\n<div class=\"[--thread-content-max-width:40rem] @w-lg\/main:[--thread-content-max-width:48rem] mx-auto max-w-(--thread-content-max-width) flex-1 group\/turn-messages focus-visible:outline-hidden relative flex w-full min-w-0 flex-col agent-turn\" data-conversation-screenshot-content=\"\">\n<div class=\"flex max-w-full flex-col gap-4 grow\">\n<div class=\"min-h-8 text-message relative flex w-full flex-col items-end gap-2 text-start break-words whitespace-normal outline-none keyboard-focused:focus-ring [.text-message+&amp;]:mt-1\" dir=\"auto\" tabindex=\"0\" data-message-author-role=\"assistant\" data-message-id=\"5c5a58f1-acc7-4972-9eb1-ad12f17312b0\" data-message-model-slug=\"gpt-5-5\" data-turn-start-message=\"true\">\n<div class=\"flex w-full flex-col gap-1 empty:hidden\">\n<div class=\"markdown prose dark:prose-invert wrap-break-word w-full light markdown-new-styling\">\n<p data-start=\"125\" data-end=\"298\">Un copil \u00een v\u00e2rst\u0103 de doar 2 ani \u0219i-a pierdut via\u021ba duminic\u0103 dup\u0103-amiaz\u0103, dup\u0103 ce ar fi c\u0103zut \u00een r\u00e2ul Amaradia, aflat \u00een spatele locuin\u021bei familiei din municipiul T\u00e2rgu Jiu.\u00a0Potrivit informa\u021biilor transmise de poli\u021bi\u0219ti, incidentul a fost semnalat prin apel la 112 \u00een jurul orei 17:00. La fa\u021ba locului au intervenit de urgen\u021b\u0103 poli\u021bi\u0219ti din cadrul Poli\u021biei Municipiului T\u00e2rgu Jiu \u0219i ai Serviciului de Investiga\u021bii Criminale.\u00a0Din primele verific\u0103ri efectuate, oamenii legii au stabilit c\u0103 minorul se juca \u00een curtea casei \u00een momentul \u00een care ar fi c\u0103zut \u00een ap\u0103.\u00a0Echipajele medicale sosite la locul tragediei au efectuat manevre de resuscitare, \u00eens\u0103, \u00een ciuda eforturilor depuse, copilul a fost declarat decedat.<\/p>\n<p data-start=\"839\" data-end=\"991\">Trupul ne\u00eensufle\u021bit a fost transportat la Serviciul de Medicin\u0103 Legal\u0103 Gorj pentru efectuarea necropsiei, care va stabili cu exactitate cauza decesului.\u00a0\u00cen acest caz, poli\u021bi\u0219tii au \u00eentocmit un dosar penal pentru ucidere din culp\u0103 \u0219i continu\u0103 cercet\u0103rile sub supravegherea unui procuror din cadrul Parchetului de pe l\u00e2ng\u0103 Judec\u0103toria T\u00e2rgu Jiu, pentru clarificarea tuturor \u00eemprejur\u0103rilor \u00een care s-a produs tragedia.<\/p>\n<\/div>\n<\/div>\n<\/div>\n<\/div>\n<div class=\"z-0 flex min-h-[46px] justify-start\"><\/div>\n<div class=\"mt-3 w-full empty:hidden\">\n<div class=\"text-center\"><\/div>\n<\/div>\n<\/div>\n<\/div>\n<\/section>\n<\/div>\n<\/div>\n<div class=\"pointer-events-none -mt-px h-px translate-y-[calc(var(--scroll-root-safe-area-inset-bottom)-14*var(--spacing))]\" aria-hidden=\"true\"><\/div>\n<div class=\"pointer-events-none translate-y-(--scroll-root-safe-area-inset-bottom) R6Vx5W_threadScrollVars min-h-(--gutter-remaining-height,0px) group-data-stream-active\/scroll-root:h-[calc(var(--thread-response-height)-16*var(--spacing))]\"><\/div>\n","protected":false},"excerpt":{"rendered":"<p class=\"text-justify mb-2\" >Un copil \u00een v\u00e2rst\u0103 de doar 2 ani \u0219i-a pierdut via\u021ba duminic\u0103 dup\u0103-amiaz\u0103, dup\u0103 ce ar fi c\u0103zut \u00een r\u00e2ul Amaradia, aflat \u00een spatele locuin\u021bei familiei din municipiul T\u00e2rgu Jiu.\u00a0Potrivit informa\u021biilor transmise de poli\u021bi\u0219ti, incidentul a fost semnalat prin apel la 112 \u00een jurul orei [&hellip;]<\/p>\n","protected":false},"author":2,"featured_media":1062,"comment_status":"open","ping_status":"open","sticky":false,"template":"","format":"standard","meta":{"footnotes":""},"categories":[13,4],"tags":[],"class_list":["post-6908","post","type-post","status-publish","format-standard","has-post-thumbnail","hentry","category-eveniment","category-ultima-ora"],"_links":{"self":[{"href":"https:\/\/radarmedia.ro\/index.php\/wp-json\/wp\/v2\/posts\/6908","targetHints":{"allow":["GET"]}}],"collection":[{"href":"https:\/\/radarmedia.ro\/index.php\/wp-json\/wp\/v2\/posts"}],"about":[{"href":"https:\/\/radarmedia.ro\/index.php\/wp-json\/wp\/v2\/types\/post"}],"author":[{"embeddable":true,"href":"https:\/\/radarmedia.ro\/index.php\/wp-json\/wp\/v2\/users\/2"}],"replies":[{"embeddable":true,"href":"https:\/\/radarmedia.ro\/index.php\/wp-json\/wp\/v2\/comments?post=6908"}],"version-history":[{"count":1,"href":"https:\/\/radarmedia.ro\/index.php\/wp-json\/wp\/v2\/posts\/6908\/revisions"}],"predecessor-version":[{"id":6909,"href":"https:\/\/radarmedia.ro\/index.php\/wp-json\/wp\/v2\/posts\/6908\/revisions\/6909"}],"wp:featuredmedia":[{"embeddable":true,"href":"https:\/\/radarmedia.ro\/index.php\/wp-json\/wp\/v2\/media\/1062"}],"wp:attachment":[{"href":"https:\/\/radarmedia.ro\/index.php\/wp-json\/wp\/v2\/media?parent=6908"}],"wp:term":[{"taxonomy":"category","embeddable":true,"href":"https:\/\/radarmedia.ro\/index.php\/wp-json\/wp\/v2\/categories?post=6908"},{"taxonomy":"post_tag","embeddable":true,"href":"https:\/\/radarmedia.ro\/index.php\/wp-json\/wp\/v2\/tags?post=6908"}],"curies":[{"name":"wp","href":"https:\/\/api.w.org\/{rel}","templated":true}]}}