{"id":6910,"date":"2026-06-11T17:58:59","date_gmt":"2026-06-11T14:58:59","guid":{"rendered":"https:\/\/radarmedia.ro\/?p=6910"},"modified":"2026-06-11T17:58:59","modified_gmt":"2026-06-11T14:58:59","slug":"trofeele-universitatii-craiova-ajung-la-targu-jiu-pe-17-iunie","status":"publish","type":"post","link":"https:\/\/radarmedia.ro\/index.php\/2026\/06\/11\/trofeele-universitatii-craiova-ajung-la-targu-jiu-pe-17-iunie\/","title":{"rendered":"Trofeele Universit\u0103\u021bii Craiova ajung la T\u00e2rgu Jiu pe 17 iunie"},"content":{"rendered":"<p class=\"isSelectedEnd\">Prim\u0103ria T\u00e2rgu Jiu \u0219i Universitatea Craiova organizeaz\u0103 miercuri, 17 iunie, \u00eentre orele 19:00 \u0219i 21:00, \u00een Parcul Coloanei Infinitului, un eveniment dedicat iubitorilor fotbalului.\u00a0Pentru prima dat\u0103, cele dou\u0103 trofee c\u00e2\u0219tigate de Universitatea Craiova vor putea fi admirate la T\u00e2rgu Jiu. Participan\u021bii vor avea parte de activit\u0103\u021bi pentru copii, muzic\u0103, momente interactive, \u00eent\u00e2lniri cu mascotele clubului, o sesiune special\u0103 cu o legend\u0103 a echipei \u0219i o tombol\u0103 cu premii.<\/p>\n<p>Totodat\u0103, unul dintre participan\u021bi va c\u00e2\u0219tiga un tur al Stadionului Ion Oblemenco \u0219i o experien\u021b\u0103 al\u0103turi de Universitatea Craiova.<\/p>\n","protected":false},"excerpt":{"rendered":"<p class=\"text-justify mb-2\" >Prim\u0103ria T\u00e2rgu Jiu \u0219i Universitatea Craiova organizeaz\u0103 miercuri, 17 iunie, \u00eentre orele 19:00 \u0219i 21:00, \u00een Parcul Coloanei Infinitului, un eveniment dedicat iubitorilor fotbalului.\u00a0Pentru prima dat\u0103, cele dou\u0103 trofee c\u00e2\u0219tigate de Universitatea Craiova vor putea fi admirate la T\u00e2rgu Jiu. Participan\u021bii vor avea parte de [&hellip;]<\/p>\n","protected":false},"author":2,"featured_media":6911,"comment_status":"open","ping_status":"open","sticky":false,"template":"","format":"standard","meta":{"footnotes":""},"categories":[5,2,4],"tags":[],"class_list":["post-6910","post","type-post","status-publish","format-standard","has-post-thumbnail","hentry","category-actualitate","category-featured","category-ultima-ora"],"_links":{"self":[{"href":"https:\/\/radarmedia.ro\/index.php\/wp-json\/wp\/v2\/posts\/6910","targetHints":{"allow":["GET"]}}],"collection":[{"href":"https:\/\/radarmedia.ro\/index.php\/wp-json\/wp\/v2\/posts"}],"about":[{"href":"https:\/\/radarmedia.ro\/index.php\/wp-json\/wp\/v2\/types\/post"}],"author":[{"embeddable":true,"href":"https:\/\/radarmedia.ro\/index.php\/wp-json\/wp\/v2\/users\/2"}],"replies":[{"embeddable":true,"href":"https:\/\/radarmedia.ro\/index.php\/wp-json\/wp\/v2\/comments?post=6910"}],"version-history":[{"count":1,"href":"https:\/\/radarmedia.ro\/index.php\/wp-json\/wp\/v2\/posts\/6910\/revisions"}],"predecessor-version":[{"id":6912,"href":"https:\/\/radarmedia.ro\/index.php\/wp-json\/wp\/v2\/posts\/6910\/revisions\/6912"}],"wp:featuredmedia":[{"embeddable":true,"href":"https:\/\/radarmedia.ro\/index.php\/wp-json\/wp\/v2\/media\/6911"}],"wp:attachment":[{"href":"https:\/\/radarmedia.ro\/index.php\/wp-json\/wp\/v2\/media?parent=6910"}],"wp:term":[{"taxonomy":"category","embeddable":true,"href":"https:\/\/radarmedia.ro\/index.php\/wp-json\/wp\/v2\/categories?post=6910"},{"taxonomy":"post_tag","embeddable":true,"href":"https:\/\/radarmedia.ro\/index.php\/wp-json\/wp\/v2\/tags?post=6910"}],"curies":[{"name":"wp","href":"https:\/\/api.w.org\/{rel}","templated":true}]}}