{"id":6915,"date":"2026-06-15T09:13:35","date_gmt":"2026-06-15T06:13:35","guid":{"rendered":"https:\/\/radarmedia.ro\/?p=6915"},"modified":"2026-06-15T09:13:50","modified_gmt":"2026-06-15T06:13:50","slug":"sofer-scos-de-pompieri-din-masina-rasturnata","status":"publish","type":"post","link":"https:\/\/radarmedia.ro\/index.php\/2026\/06\/15\/sofer-scos-de-pompieri-din-masina-rasturnata\/","title":{"rendered":"\u0218ofer scos de pompieri din ma\u0219ina r\u0103sturnat\u0103"},"content":{"rendered":"<div class=\"flex h-svh w-screen flex-col\">\n<div class=\"relative z-0 flex min-h-0 w-full flex-1\">\n<div class=\"relative flex min-h-0 w-full min-w-0 flex-1\">\n<div class=\"@container\/main relative flex min-w-0 flex-1 flex-col -translate-y-[calc(env(safe-area-inset-bottom,0px)\/2)] pt-[calc(env(safe-area-inset-bottom,0px)\/2)]\">\n<div class=\"@w-sm\/main:[scrollbar-gutter:var(--stage-scroll-gutter)] touch:[scrollbar-width:none] group\/scroll-root relative flex min-h-0 min-w-0 flex-1 flex-col [scrollbar-gutter:stable] not-print:overflow-x-clip not-print:overflow-y-auto group-data-stream-active\/scroll-root:[overflow-anchor:none] not-print:data-expanded-composer:overflow-y-hidden! scroll-pt-(--header-height) [--sticky-padding-top:var(--header-height)] [--sticky-padding-bottom:0px] [--scroll-root-safe-area-inset-top:calc(var(--sticky-padding-top)+env(safe-area-inset-top,0px))] [--scroll-root-safe-area-inset-bottom:calc(var(--sticky-padding-bottom)+var(--screen-keyboard-height,0px)+env(safe-area-inset-bottom,0px))] [--scroll-root-safe-area-height:calc(100lvh-var(--scroll-root-safe-area-inset-top)-var(--scroll-root-safe-area-inset-bottom))] has-data-[fixed-header=less-than-xl]:@w-xl\/main:scroll-pt-0 has-data-[fixed-header=less-than-xl]:@w-xl\/main:[--sticky-padding-top:0px] has-data-[fixed-header=less-than-xxl]:@w-2xl\/main:scroll-pt-0 has-data-[fixed-header=less-than-xxl]:@w-2xl\/main:[--sticky-padding-top:0px]\" data-scroll-root=\"\" data-scroll-from-top=\"\">\n<div class=\"contents\">\n<p>Pompierii gorjeni au intervenit, \u00een aceast\u0103 diminea\u021b\u0103, dup\u0103 un accident rutier produs pe raza ora\u0219ului Rovinari, unde un autoturism a ie\u0219it de pe carosabil \u0219i s-a r\u0103sturnat. La locul evenimentului au fost trimise un echipaj de descarcerare \u0219i un echipaj SMURD din cadrul ISU Gorj, precum \u0219i o ambulan\u021b\u0103 a Serviciului Jude\u021bean de Ambulan\u021b\u0103 Gorj. \u00cen urma evalu\u0103rii situa\u021biei, salvatorii au constatat c\u0103 \u0219oferul era blocat \u00een interiorul autovehiculului.<\/p>\n<div id=\"thread\" class=\"group\/thread flex flex-col min-h-full\">\n<div class=\"composer-parent flex flex-1 flex-col focus-visible:outline-0\" role=\"presentation\">\n<div class=\"relative basis-auto flex-col -mb-(--composer-overlap-px) pb-(--composer-overlap-px) [--composer-overlap-px:28px] grow flex\" data-voice-floating-orb-focus-background=\"\">\n<div class=\"flex flex-col text-sm\">\n<div class=\"qMYqUG_convSearchResultHighlightRoot\">\n<div class=\"\" data-turn-id-container=\"request-WEB:ff4f0191-4a48-45e2-9495-ed50851776d6-1\" data-is-intersecting=\"true\">\n<section class=\"text-token-text-primary w-full focus:outline-none has-data-writing-block:pointer-events-none [&amp;:has([data-writing-block])&gt;*]:pointer-events-auto R6Vx5W_threadScrollVars scroll-mb-[calc(var(--scroll-root-safe-area-inset-bottom,0px)+var(--thread-response-height))] scroll-mt-[calc(var(--header-height)+min(200px,max(70px,20svh)))]\" dir=\"auto\" data-turn-id=\"request-WEB:ff4f0191-4a48-45e2-9495-ed50851776d6-1\" data-turn-id-container=\"request-WEB:ff4f0191-4a48-45e2-9495-ed50851776d6-1\" data-testid=\"conversation-turn-4\" data-scroll-anchor=\"false\" data-turn=\"assistant\">\n<div class=\"text-base my-auto mx-auto pb-10 [--thread-content-margin:var(--thread-content-margin-xs,calc(var(--spacing)*4))] @w-sm\/main:[--thread-content-margin:var(--thread-content-margin-sm,calc(var(--spacing)*6))] @w-lg\/main:[--thread-content-margin:var(--thread-content-margin-lg,calc(var(--spacing)*16))] px-(--thread-content-margin)\">\n<div class=\"[--thread-content-max-width:40rem] @w-lg\/main:[--thread-content-max-width:48rem] mx-auto max-w-(--thread-content-max-width) flex-1 group\/turn-messages focus-visible:outline-hidden relative flex w-full min-w-0 flex-col agent-turn\" data-conversation-screenshot-content=\"\">\n<div class=\"flex max-w-full flex-col gap-4 grow\">\n<div class=\"min-h-8 text-message relative flex w-full flex-col items-end gap-2 text-start break-words whitespace-normal outline-none keyboard-focused:focus-ring [.text-message+&amp;]:mt-1\" dir=\"auto\" tabindex=\"0\" data-message-author-role=\"assistant\" data-message-id=\"dc5077dd-2008-4d36-9ba9-1655553735ac\" data-message-model-slug=\"gpt-5-5\" data-turn-start-message=\"true\">\n<div class=\"flex w-full flex-col gap-1 empty:hidden\">\n<div class=\"markdown prose dark:prose-invert wrap-break-word w-full light markdown-new-styling\">\n<p data-start=\"539\" data-end=\"708\">Potrivit purt\u0103torului de cuv\u00e2nt al ISU Gorj, <span class=\"hover:entity-accent entity-underline inline cursor-pointer align-baseline\"><span class=\"whitespace-normal\">Florin Chisim<\/span><\/span>, echipele de interven\u021bie au ac\u021bionat pentru extragerea victimei din ma\u0219ina r\u0103sturnat\u0103.\u00a0B\u0103rbatul a suferit r\u0103ni u\u0219oare \u0219i a primit \u00eengrijiri medicale la fa\u021ba locului. Ulterior, acesta a fost transportat la Spitalul Or\u0103\u0219enesc Rovinari pentru investiga\u021bii suplimentare \u0219i tratament de specialitate.\u00a0Autorit\u0103\u021bile urmeaz\u0103 s\u0103 stabileasc\u0103 \u00eemprejur\u0103rile \u00een care s-a produs accidentul.<\/p>\n<\/div>\n<\/div>\n<\/div>\n<\/div>\n<\/div>\n<\/div>\n<\/section>\n<\/div>\n<\/div>\n<\/div>\n<\/div>\n<\/div>\n<\/div>\n<p>&nbsp;<\/p>\n<\/div>\n<\/div>\n<\/div>\n<\/div>\n<\/div>\n<\/div>\n","protected":false},"excerpt":{"rendered":"<p class=\"text-justify mb-2\" >Pompierii gorjeni au intervenit, \u00een aceast\u0103 diminea\u021b\u0103, dup\u0103 un accident rutier produs pe raza ora\u0219ului Rovinari, unde un autoturism a ie\u0219it de pe carosabil \u0219i s-a r\u0103sturnat. La locul evenimentului au fost trimise un echipaj de descarcerare \u0219i un echipaj SMURD din cadrul ISU Gorj, [&hellip;]<\/p>\n","protected":false},"author":2,"featured_media":1062,"comment_status":"open","ping_status":"open","sticky":false,"template":"","format":"standard","meta":{"footnotes":""},"categories":[13,2,4],"tags":[],"class_list":["post-6915","post","type-post","status-publish","format-standard","has-post-thumbnail","hentry","category-eveniment","category-featured","category-ultima-ora"],"_links":{"self":[{"href":"https:\/\/radarmedia.ro\/index.php\/wp-json\/wp\/v2\/posts\/6915","targetHints":{"allow":["GET"]}}],"collection":[{"href":"https:\/\/radarmedia.ro\/index.php\/wp-json\/wp\/v2\/posts"}],"about":[{"href":"https:\/\/radarmedia.ro\/index.php\/wp-json\/wp\/v2\/types\/post"}],"author":[{"embeddable":true,"href":"https:\/\/radarmedia.ro\/index.php\/wp-json\/wp\/v2\/users\/2"}],"replies":[{"embeddable":true,"href":"https:\/\/radarmedia.ro\/index.php\/wp-json\/wp\/v2\/comments?post=6915"}],"version-history":[{"count":2,"href":"https:\/\/radarmedia.ro\/index.php\/wp-json\/wp\/v2\/posts\/6915\/revisions"}],"predecessor-version":[{"id":6917,"href":"https:\/\/radarmedia.ro\/index.php\/wp-json\/wp\/v2\/posts\/6915\/revisions\/6917"}],"wp:featuredmedia":[{"embeddable":true,"href":"https:\/\/radarmedia.ro\/index.php\/wp-json\/wp\/v2\/media\/1062"}],"wp:attachment":[{"href":"https:\/\/radarmedia.ro\/index.php\/wp-json\/wp\/v2\/media?parent=6915"}],"wp:term":[{"taxonomy":"category","embeddable":true,"href":"https:\/\/radarmedia.ro\/index.php\/wp-json\/wp\/v2\/categories?post=6915"},{"taxonomy":"post_tag","embeddable":true,"href":"https:\/\/radarmedia.ro\/index.php\/wp-json\/wp\/v2\/tags?post=6915"}],"curies":[{"name":"wp","href":"https:\/\/api.w.org\/{rel}","templated":true}]}}