{"id":6918,"date":"2026-06-15T12:12:59","date_gmt":"2026-06-15T09:12:59","guid":{"rendered":"https:\/\/radarmedia.ro\/?p=6918"},"modified":"2026-06-15T12:12:59","modified_gmt":"2026-06-15T09:12:59","slug":"a-furat-14-000-de-lei-de-la-un-barbat-pe-care-l-a-agresat-femeie-din-schela-retinuta-de-politisti","status":"publish","type":"post","link":"https:\/\/radarmedia.ro\/index.php\/2026\/06\/15\/a-furat-14-000-de-lei-de-la-un-barbat-pe-care-l-a-agresat-femeie-din-schela-retinuta-de-politisti\/","title":{"rendered":"A furat 14.000 de lei de la un b\u0103rbat, pe care l-a agresat. Femeie din Schela, re\u021binut\u0103 de poli\u021bi\u0219ti"},"content":{"rendered":"<p data-start=\"98\" data-end=\"249\">O femeie de 31 de ani, din comuna Schela, a ajuns \u00een arestul IPJ Gorj, dup\u0103 ce ar fi t\u00e2lh\u0103rit un b\u0103rbat din jude\u021bul Mehedin\u021bi, \u00een municipiul T\u00e2rgu Jiu.\u00a0Potrivit poli\u021bi\u0219tilor, un b\u0103rbat de 46 de ani, din Baia de Aram\u0103, a sunat la 112 \u0219i a reclamat c\u0103 a fost agresat \u0219i deposedat de suma de 14.000 de lei, \u00een timp ce se afla \u00eentr-o parcare de pe strada Narciselor.<\/p>\n<p data-start=\"463\" data-end=\"766\">\u00cen urma investiga\u021biilor desf\u0103\u0219urate imediat dup\u0103 sesizare, oamenii legii au identificat persoana b\u0103nuit\u0103 de comiterea faptei, o femeie din Schela. La controlul efectuat asupra acesteia, poli\u021bi\u0219tii au g\u0103sit 9.080 de lei \u0219i 985 de euro, reprezent\u00e2nd cea mai mare parte a prejudiciului reclamat de victim\u0103.\u00a0Suma recuperat\u0103 a fost restituit\u0103 b\u0103rbatului p\u0103gubit, iar cercet\u0103rile au fost continuate de poli\u021bi\u0219tii Biroului Investiga\u021bii Criminale.<\/p>\n<p data-start=\"905\" data-end=\"1132\" data-is-last-node=\"\" data-is-only-node=\"\">Femeia a fost re\u021binut\u0103 pentru 24 de ore sub acuza\u021bia de t\u00e2lh\u0103rie \u0219i introdus\u0103 \u00een Centrul de Re\u021binere \u0219i Arestare Preventiv\u0103 al IPJ Gorj. Ast\u0103zi, aceasta urmeaz\u0103 s\u0103 fie prezentat\u0103 procurorilor pentru dispunerea m\u0103surilor legale.<\/p>\n","protected":false},"excerpt":{"rendered":"<p class=\"text-justify mb-2\" >O femeie de 31 de ani, din comuna Schela, a ajuns \u00een arestul IPJ Gorj, dup\u0103 ce ar fi t\u00e2lh\u0103rit un b\u0103rbat din jude\u021bul Mehedin\u021bi, \u00een municipiul T\u00e2rgu Jiu.\u00a0Potrivit poli\u021bi\u0219tilor, un b\u0103rbat de 46 de ani, din Baia de Aram\u0103, a sunat la 112 \u0219i [&hellip;]<\/p>\n","protected":false},"author":2,"featured_media":49,"comment_status":"open","ping_status":"open","sticky":false,"template":"","format":"standard","meta":{"footnotes":""},"categories":[13,2,4],"tags":[],"class_list":["post-6918","post","type-post","status-publish","format-standard","has-post-thumbnail","hentry","category-eveniment","category-featured","category-ultima-ora"],"_links":{"self":[{"href":"https:\/\/radarmedia.ro\/index.php\/wp-json\/wp\/v2\/posts\/6918","targetHints":{"allow":["GET"]}}],"collection":[{"href":"https:\/\/radarmedia.ro\/index.php\/wp-json\/wp\/v2\/posts"}],"about":[{"href":"https:\/\/radarmedia.ro\/index.php\/wp-json\/wp\/v2\/types\/post"}],"author":[{"embeddable":true,"href":"https:\/\/radarmedia.ro\/index.php\/wp-json\/wp\/v2\/users\/2"}],"replies":[{"embeddable":true,"href":"https:\/\/radarmedia.ro\/index.php\/wp-json\/wp\/v2\/comments?post=6918"}],"version-history":[{"count":1,"href":"https:\/\/radarmedia.ro\/index.php\/wp-json\/wp\/v2\/posts\/6918\/revisions"}],"predecessor-version":[{"id":6919,"href":"https:\/\/radarmedia.ro\/index.php\/wp-json\/wp\/v2\/posts\/6918\/revisions\/6919"}],"wp:featuredmedia":[{"embeddable":true,"href":"https:\/\/radarmedia.ro\/index.php\/wp-json\/wp\/v2\/media\/49"}],"wp:attachment":[{"href":"https:\/\/radarmedia.ro\/index.php\/wp-json\/wp\/v2\/media?parent=6918"}],"wp:term":[{"taxonomy":"category","embeddable":true,"href":"https:\/\/radarmedia.ro\/index.php\/wp-json\/wp\/v2\/categories?post=6918"},{"taxonomy":"post_tag","embeddable":true,"href":"https:\/\/radarmedia.ro\/index.php\/wp-json\/wp\/v2\/tags?post=6918"}],"curies":[{"name":"wp","href":"https:\/\/api.w.org\/{rel}","templated":true}]}}