{"id":6920,"date":"2026-06-15T12:27:33","date_gmt":"2026-06-15T09:27:33","guid":{"rendered":"https:\/\/radarmedia.ro\/?p=6920"},"modified":"2026-06-15T12:27:33","modified_gmt":"2026-06-15T09:27:33","slug":"sofer-beat-urmarit-de-un-echipaj-de-politie","status":"publish","type":"post","link":"https:\/\/radarmedia.ro\/index.php\/2026\/06\/15\/sofer-beat-urmarit-de-un-echipaj-de-politie\/","title":{"rendered":"\u0218ofer beat, urm\u0103rit de un echipaj de poli\u021bie"},"content":{"rendered":"<p>O \u00eencercare de a evita \u00eent\u00e2lnirea cu poli\u021bi\u0219tii s-a transformat \u00eentr-un dosar penal pentru un b\u0103rbat de 38 de ani din comuna Cru\u0219e\u021b, prins conduc\u00e2nd cu o alcoolemie ridicat\u0103. \u00cen noaptea de 14 spre 15 iunie, un echipaj al Sec\u021biei 8 Poli\u021bie Rural\u0103 Stoina a observat un autoturism al c\u0103rui \u0219ofer \u0219i-a schimbat brusc direc\u021bia de deplasare imediat ce a v\u0103zut autospeciala de poli\u021bie. Manevra le-a atras aten\u021bia oamenilor legii, care au pornit \u00een urm\u0103rirea ma\u0219inii. Autoturismul a fost oprit pe un drum comunal din Cru\u0219e\u021b, iar la volan a fost identificat un localnic de 38 de ani, din satul V\u0103lu\u021ba.<br \/>\nSuspiciunile poli\u021bi\u0219tilor s-au confirmat rapid. Testarea cu aparatul etilotest a indicat o concentra\u021bie de 1,14 mg\/l alcool pur \u00een aerul expirat, o valoare care arat\u0103 un grad avansat de intoxica\u021bie alcoolic\u0103. \u0218oferul a fost transportat la Spitalul T\u00e2rgu-C\u0103rbune\u0219ti pentru recoltarea probelor biologice, iar pe numele s\u0103u a fost \u00eentocmit dosar penal pentru conducerea unui vehicul sub influen\u021ba alcoolului.<\/p>\n","protected":false},"excerpt":{"rendered":"<p class=\"text-justify mb-2\" >O \u00eencercare de a evita \u00eent\u00e2lnirea cu poli\u021bi\u0219tii s-a transformat \u00eentr-un dosar penal pentru un b\u0103rbat de 38 de ani din comuna Cru\u0219e\u021b, prins conduc\u00e2nd cu o alcoolemie ridicat\u0103. \u00cen noaptea de 14 spre 15 iunie, un echipaj al Sec\u021biei 8 Poli\u021bie Rural\u0103 Stoina a [&hellip;]<\/p>\n","protected":false},"author":2,"featured_media":1062,"comment_status":"open","ping_status":"open","sticky":false,"template":"","format":"standard","meta":{"footnotes":""},"categories":[13,2,4],"tags":[],"class_list":["post-6920","post","type-post","status-publish","format-standard","has-post-thumbnail","hentry","category-eveniment","category-featured","category-ultima-ora"],"_links":{"self":[{"href":"https:\/\/radarmedia.ro\/index.php\/wp-json\/wp\/v2\/posts\/6920","targetHints":{"allow":["GET"]}}],"collection":[{"href":"https:\/\/radarmedia.ro\/index.php\/wp-json\/wp\/v2\/posts"}],"about":[{"href":"https:\/\/radarmedia.ro\/index.php\/wp-json\/wp\/v2\/types\/post"}],"author":[{"embeddable":true,"href":"https:\/\/radarmedia.ro\/index.php\/wp-json\/wp\/v2\/users\/2"}],"replies":[{"embeddable":true,"href":"https:\/\/radarmedia.ro\/index.php\/wp-json\/wp\/v2\/comments?post=6920"}],"version-history":[{"count":1,"href":"https:\/\/radarmedia.ro\/index.php\/wp-json\/wp\/v2\/posts\/6920\/revisions"}],"predecessor-version":[{"id":6921,"href":"https:\/\/radarmedia.ro\/index.php\/wp-json\/wp\/v2\/posts\/6920\/revisions\/6921"}],"wp:featuredmedia":[{"embeddable":true,"href":"https:\/\/radarmedia.ro\/index.php\/wp-json\/wp\/v2\/media\/1062"}],"wp:attachment":[{"href":"https:\/\/radarmedia.ro\/index.php\/wp-json\/wp\/v2\/media?parent=6920"}],"wp:term":[{"taxonomy":"category","embeddable":true,"href":"https:\/\/radarmedia.ro\/index.php\/wp-json\/wp\/v2\/categories?post=6920"},{"taxonomy":"post_tag","embeddable":true,"href":"https:\/\/radarmedia.ro\/index.php\/wp-json\/wp\/v2\/tags?post=6920"}],"curies":[{"name":"wp","href":"https:\/\/api.w.org\/{rel}","templated":true}]}}