{"id":6922,"date":"2026-06-17T13:40:19","date_gmt":"2026-06-17T10:40:19","guid":{"rendered":"https:\/\/radarmedia.ro\/?p=6922"},"modified":"2026-06-17T13:40:19","modified_gmt":"2026-06-17T10:40:19","slug":"un-scandal-intre-vecini-s-a-incheiat-la-spital-pentru-trei-dintre-ei-doi-au-fost-retinuti","status":"publish","type":"post","link":"https:\/\/radarmedia.ro\/index.php\/2026\/06\/17\/un-scandal-intre-vecini-s-a-incheiat-la-spital-pentru-trei-dintre-ei-doi-au-fost-retinuti\/","title":{"rendered":"Un scandal \u00eentre vecini s-a \u00eencheiat la spital pentru trei dintre ei. Doi au fost re\u021binu\u021bi"},"content":{"rendered":"<div class=\"\" data-turn-id-container=\"request-WEB:6c48695a-46ad-4498-81fd-2571678b8821-2\" data-is-intersecting=\"true\">\n<section class=\"text-token-text-primary w-full focus:outline-none has-data-writing-block:pointer-events-none [&amp;:has([data-writing-block])&gt;*]:pointer-events-auto R6Vx5W_threadScrollVars scroll-mb-[calc(var(--scroll-root-safe-area-inset-bottom,0px)+var(--thread-response-height))] scroll-mt-[calc(var(--header-height)+min(200px,max(70px,20svh)))]\" dir=\"auto\" data-turn-id=\"request-WEB:6c48695a-46ad-4498-81fd-2571678b8821-2\" data-turn-id-container=\"request-WEB:6c48695a-46ad-4498-81fd-2571678b8821-2\" data-testid=\"conversation-turn-6\" data-turn=\"assistant\">\n<div class=\"text-base my-auto mx-auto [--thread-content-margin:var(--thread-content-margin-xs,calc(var(--spacing)*4))] @w-sm\/main:[--thread-content-margin:var(--thread-content-margin-sm,calc(var(--spacing)*6))] @w-lg\/main:[--thread-content-margin:var(--thread-content-margin-lg,calc(var(--spacing)*16))] px-(--thread-content-margin)\">\n<div class=\"[--thread-content-max-width:40rem] @w-lg\/main:[--thread-content-max-width:48rem] mx-auto max-w-(--thread-content-max-width) flex-1 group\/turn-messages focus-visible:outline-hidden relative flex w-full min-w-0 flex-col agent-turn\" data-conversation-screenshot-content=\"\">\n<div class=\"flex max-w-full flex-col gap-4 grow\">\n<div class=\"min-h-8 text-message relative flex w-full flex-col items-end gap-2 text-start break-words whitespace-normal outline-none keyboard-focused:focus-ring [.text-message+&amp;]:mt-1\" dir=\"auto\" data-message-author-role=\"assistant\" data-message-id=\"c280defe-50e2-4d8c-8477-1d773b123d0d\" data-message-model-slug=\"gpt-5-5\">\n<div class=\"flex w-full flex-col gap-1 empty:hidden\">\n<div class=\"markdown prose dark:prose-invert wrap-break-word w-full light markdown-new-styling\">\n<p data-start=\"114\" data-end=\"294\">Un scandal izbucnit \u00eentre dou\u0103 familii din Pe\u0219ti\u0219ani, aflate de mai mult timp \u00een conflict, s-a terminat la spital pentru trei dintre ei \u0219i \u00een arestul poli\u021biei pentru doi fra\u021bi.\u00a0Totul s-a petrecut mar\u021bi diminea\u021ba, \u00een jurul orei 6:40. O femeie de 61 de ani a sunat la 112 \u0219i a anun\u021bat c\u0103 dou\u0103 persoane au p\u0103truns \u00een locuin\u021ba sa \u0219i au provocat un scandal.<\/p>\n<p data-start=\"473\" data-end=\"796\">Ajun\u0219i la fa\u021ba locului, poli\u021bi\u0219tii au stabilit c\u0103 \u00eentre apelant\u0103, so\u021bul acesteia, \u00een v\u00e2rst\u0103 de 62 de ani, \u0219i doi fra\u021bi de 29 \u0219i 21 de ani, din aceea\u0219i localitate, a avut loc o alterca\u021bie pe fondul unor ne\u00een\u021belegeri mai vechi. \u00cen timpul conflictului, participan\u021bii \u0219i-ar fi aplicat reciproc lovituri cu pumnii \u0219i picioarele.\u00a0\u00cen urma incidentului, trei persoane au avut nevoie de \u00eengrijiri medicale. Femeia de 61 de ani, so\u021bul acesteia \u0219i unul dintre cei doi fra\u021bi, b\u0103rbatul de 29 de ani, au fost transporta\u021bi la spital.<\/p>\n<p data-start=\"994\" data-end=\"1241\">Ini\u021bial, oamenii legii au deschis un dosar penal pentru lovire sau alte violen\u021be. Pe parcursul cercet\u0103rilor, \u00een urma probelor administrate, ancheta a fost extins\u0103 \u0219i pentru infrac\u021biunea de violare de domiciliu, re\u021binut\u0103 \u00een sarcina celor doi fra\u021bi.\u00a0Cei doi au fost re\u021binu\u021bi pentru 24 de ore. B\u0103rbatul de 29 de ani a fost dus \u00een Centrul de Re\u021binere \u0219i Arestare Preventiv\u0103 al IPJ Mehedin\u021bi, iar fratele s\u0103u, de 21 de ani, \u00een arestul IPJ Gorj.<\/p>\n<\/div>\n<\/div>\n<\/div>\n<\/div>\n<div class=\"z-0 flex min-h-[46px] justify-start\"><\/div>\n<\/div>\n<\/div>\n<\/section>\n<\/div>\n<div class=\"\" data-turn-id-container=\"6bc7a8b9-b0b4-4a6f-97f6-b738c5ca72c3\" data-is-intersecting=\"true\">\n<section class=\"text-token-text-primary w-full focus:outline-none has-data-writing-block:pointer-events-none [&amp;:has([data-writing-block])&gt;*]:pointer-events-auto R6Vx5W_threadScrollVars scroll-mb-[calc(var(--scroll-root-safe-area-inset-bottom,0px)+var(--thread-response-height))] scroll-mt-(--header-height)\" dir=\"auto\" data-turn-id=\"6bc7a8b9-b0b4-4a6f-97f6-b738c5ca72c3\" data-turn-id-container=\"6bc7a8b9-b0b4-4a6f-97f6-b738c5ca72c3\" data-testid=\"conversation-turn-7\" data-turn=\"user\">\n<div class=\"text-base my-auto mx-auto pt-12 [--thread-content-margin:var(--thread-content-margin-xs,calc(var(--spacing)*4))] @w-sm\/main:[--thread-content-margin:var(--thread-content-margin-sm,calc(var(--spacing)*6))] @w-lg\/main:[--thread-content-margin:var(--thread-content-margin-lg,calc(var(--spacing)*16))] px-(--thread-content-margin)\">\n<div class=\"[--thread-content-max-width:40rem] @w-lg\/main:[--thread-content-max-width:48rem] mx-auto max-w-(--thread-content-max-width) flex-1 group\/turn-messages focus-visible:outline-hidden relative flex w-full min-w-0 flex-col\" data-conversation-screenshot-content=\"\">\n<div class=\"flex max-w-full flex-col gap-4 grow\">\n<div class=\"min-h-8 text-message relative flex w-full flex-col items-end gap-2 text-start break-words whitespace-normal outline-none keyboard-focused:focus-ring [.text-message+&amp;]:mt-1\" dir=\"auto\" data-message-author-role=\"user\" data-message-id=\"6bc7a8b9-b0b4-4a6f-97f6-b738c5ca72c3\">\n<div class=\"flex w-full flex-col gap-1 empty:hidden items-end rtl:items-start\">\n<div class=\"user-message-bubble-color corner-superellipse\/0.98 relative min-w-0 overflow-hidden rounded-[22px] px-4 py-2.5 leading-6 max-w-(--user-chat-width,70%)\">\n<div class=\"max-w-full min-w-0 [overflow-wrap:anywhere] whitespace-pre-wrap\"><\/div>\n<\/div>\n<\/div>\n<\/div>\n<\/div>\n<\/div>\n<\/div>\n<\/section>\n<\/div>\n","protected":false},"excerpt":{"rendered":"<p class=\"text-justify mb-2\" >Un scandal izbucnit \u00eentre dou\u0103 familii din Pe\u0219ti\u0219ani, aflate de mai mult timp \u00een conflict, s-a terminat la spital pentru trei dintre ei \u0219i \u00een arestul poli\u021biei pentru doi fra\u021bi.\u00a0Totul s-a petrecut mar\u021bi diminea\u021ba, \u00een jurul orei 6:40. O femeie de 61 de ani a [&hellip;]<\/p>\n","protected":false},"author":2,"featured_media":198,"comment_status":"open","ping_status":"open","sticky":false,"template":"","format":"standard","meta":{"footnotes":""},"categories":[13,4],"tags":[],"class_list":["post-6922","post","type-post","status-publish","format-standard","has-post-thumbnail","hentry","category-eveniment","category-ultima-ora"],"_links":{"self":[{"href":"https:\/\/radarmedia.ro\/index.php\/wp-json\/wp\/v2\/posts\/6922","targetHints":{"allow":["GET"]}}],"collection":[{"href":"https:\/\/radarmedia.ro\/index.php\/wp-json\/wp\/v2\/posts"}],"about":[{"href":"https:\/\/radarmedia.ro\/index.php\/wp-json\/wp\/v2\/types\/post"}],"author":[{"embeddable":true,"href":"https:\/\/radarmedia.ro\/index.php\/wp-json\/wp\/v2\/users\/2"}],"replies":[{"embeddable":true,"href":"https:\/\/radarmedia.ro\/index.php\/wp-json\/wp\/v2\/comments?post=6922"}],"version-history":[{"count":1,"href":"https:\/\/radarmedia.ro\/index.php\/wp-json\/wp\/v2\/posts\/6922\/revisions"}],"predecessor-version":[{"id":6923,"href":"https:\/\/radarmedia.ro\/index.php\/wp-json\/wp\/v2\/posts\/6922\/revisions\/6923"}],"wp:featuredmedia":[{"embeddable":true,"href":"https:\/\/radarmedia.ro\/index.php\/wp-json\/wp\/v2\/media\/198"}],"wp:attachment":[{"href":"https:\/\/radarmedia.ro\/index.php\/wp-json\/wp\/v2\/media?parent=6922"}],"wp:term":[{"taxonomy":"category","embeddable":true,"href":"https:\/\/radarmedia.ro\/index.php\/wp-json\/wp\/v2\/categories?post=6922"},{"taxonomy":"post_tag","embeddable":true,"href":"https:\/\/radarmedia.ro\/index.php\/wp-json\/wp\/v2\/tags?post=6922"}],"curies":[{"name":"wp","href":"https:\/\/api.w.org\/{rel}","templated":true}]}}