{"id":6928,"date":"2026-06-18T08:35:54","date_gmt":"2026-06-18T05:35:54","guid":{"rendered":"https:\/\/radarmedia.ro\/?p=6928"},"modified":"2026-06-18T08:35:54","modified_gmt":"2026-06-18T05:35:54","slug":"cateva-sute-de-fani-la-prezentarea-trofeelor-universitatii-craiova-la-targu-jiu","status":"publish","type":"post","link":"https:\/\/radarmedia.ro\/index.php\/2026\/06\/18\/cateva-sute-de-fani-la-prezentarea-trofeelor-universitatii-craiova-la-targu-jiu\/","title":{"rendered":"C\u00e2teva sute de fani, la prezentarea trofeelor Universit\u0103\u021bii Craiova, la T\u00e2rgu Jiu"},"content":{"rendered":"<div class=\"qMYqUG_convSearchResultHighlightRoot\">\n<div class=\"\" data-turn-id-container=\"request-WEB:f5bb326a-6a9f-4099-becd-be186d3fa65e-2\" data-is-intersecting=\"true\">\n<section class=\"text-token-text-primary w-full focus:outline-none has-data-writing-block:pointer-events-none [&amp;:has([data-writing-block])&gt;*]:pointer-events-auto R6Vx5W_threadScrollVars scroll-mb-[calc(var(--scroll-root-safe-area-inset-bottom,0px)+var(--thread-response-height))] scroll-mt-[calc(var(--header-height)+min(200px,max(70px,20svh)))]\" dir=\"auto\" data-turn-id=\"request-WEB:f5bb326a-6a9f-4099-becd-be186d3fa65e-2\" data-turn-id-container=\"request-WEB:f5bb326a-6a9f-4099-becd-be186d3fa65e-2\" data-testid=\"conversation-turn-6\" data-turn=\"assistant\">\n<div class=\"text-base my-auto mx-auto pb-10 [--thread-content-margin:var(--thread-content-margin-xs,calc(var(--spacing)*4))] @w-sm\/main:[--thread-content-margin:var(--thread-content-margin-sm,calc(var(--spacing)*6))] @w-lg\/main:[--thread-content-margin:var(--thread-content-margin-lg,calc(var(--spacing)*16))] px-(--thread-content-margin)\">\n<div class=\"[--thread-content-max-width:40rem] @w-lg\/main:[--thread-content-max-width:48rem] mx-auto max-w-(--thread-content-max-width) flex-1 group\/turn-messages focus-visible:outline-hidden relative flex w-full min-w-0 flex-col agent-turn\" data-conversation-screenshot-content=\"\">\n<div class=\"flex max-w-full flex-col gap-4 grow\">\n<div class=\"min-h-8 text-message relative flex w-full flex-col items-end gap-2 text-start break-words whitespace-normal outline-none keyboard-focused:focus-ring [.text-message+&amp;]:mt-1\" dir=\"auto\" tabindex=\"0\" data-message-author-role=\"assistant\" data-message-id=\"eeb9118f-86a0-4b6b-927b-2a32f5977ea1\" data-message-model-slug=\"gpt-5-5\" data-turn-start-message=\"true\">\n<div class=\"flex w-full flex-col gap-1 empty:hidden\">\n<div class=\"markdown prose dark:prose-invert wrap-break-word w-full light markdown-new-styling\">\n<p data-start=\"0\" data-end=\"253\">C\u00e2teva sute de fani ai Universit\u0103\u021bii Craiova au participat, miercuri sear\u0103, \u00een Parcul Coloanei Infinite din T\u00e2rgu Jiu, la un prezentarea trofeelor c\u00e2\u0219tigate de gruparea alb-albastr\u0103 \u00een sezonul recent \u00eencheiat. Suporterii, veni\u021bi din municipiu \u0219i din localit\u0103\u021bile \u00eenvecinate, au avut ocazia s\u0103 vad\u0103 de aproape cupele ob\u021binute de echipa fanion a Olteniei, s\u0103 fac\u0103 fotografii \u0219i s\u0103 c\u00e2nte imul echipei. Participan\u021bi de toate v\u00e2rstele, de la copii, la pensionari, au scandat numele echipei.<\/p>\n<p data-start=\"785\" data-end=\"1089\">\u00cen jurul scenei amenajate pentru prezentarea trofeelor s-au adunat sute de persoane, multe dintre acestea imortaliz\u00e2nd momentul cu telefoanele mobile. Fumigenele \u00een culorile clubului, aplauzele \u0219i c\u00e2ntecele suporterilor au contribuit la crearea unei atmosfere asem\u0103n\u0103toare celor de pe stadion.<\/p>\n<p data-start=\"1305\" data-end=\"1525\" data-is-last-node=\"\" data-is-only-node=\"\">\n<\/div>\n<\/div>\n<\/div>\n<\/div>\n<div class=\"z-0 flex min-h-[46px] justify-start\"><\/div>\n<div class=\"mt-3 w-full empty:hidden\">\n<div class=\"text-center\"><\/div>\n<\/div>\n<\/div>\n<\/div>\n<\/section>\n<\/div>\n<\/div>\n<div class=\"pointer-events-none -mt-px h-px translate-y-[calc(var(--scroll-root-safe-area-inset-bottom)-14*var(--spacing))]\" aria-hidden=\"true\"><\/div>\n","protected":false},"excerpt":{"rendered":"<p class=\"text-justify mb-2\" >C\u00e2teva sute de fani ai Universit\u0103\u021bii Craiova au participat, miercuri sear\u0103, \u00een Parcul Coloanei Infinite din T\u00e2rgu Jiu, la un prezentarea trofeelor c\u00e2\u0219tigate de gruparea alb-albastr\u0103 \u00een sezonul recent \u00eencheiat. Suporterii, veni\u021bi din municipiu \u0219i din localit\u0103\u021bile \u00eenvecinate, au avut ocazia s\u0103 vad\u0103 de aproape [&hellip;]<\/p>\n","protected":false},"author":2,"featured_media":6930,"comment_status":"open","ping_status":"open","sticky":false,"template":"","format":"standard","meta":{"footnotes":""},"categories":[5,4],"tags":[],"class_list":["post-6928","post","type-post","status-publish","format-standard","has-post-thumbnail","hentry","category-actualitate","category-ultima-ora"],"_links":{"self":[{"href":"https:\/\/radarmedia.ro\/index.php\/wp-json\/wp\/v2\/posts\/6928","targetHints":{"allow":["GET"]}}],"collection":[{"href":"https:\/\/radarmedia.ro\/index.php\/wp-json\/wp\/v2\/posts"}],"about":[{"href":"https:\/\/radarmedia.ro\/index.php\/wp-json\/wp\/v2\/types\/post"}],"author":[{"embeddable":true,"href":"https:\/\/radarmedia.ro\/index.php\/wp-json\/wp\/v2\/users\/2"}],"replies":[{"embeddable":true,"href":"https:\/\/radarmedia.ro\/index.php\/wp-json\/wp\/v2\/comments?post=6928"}],"version-history":[{"count":2,"href":"https:\/\/radarmedia.ro\/index.php\/wp-json\/wp\/v2\/posts\/6928\/revisions"}],"predecessor-version":[{"id":6931,"href":"https:\/\/radarmedia.ro\/index.php\/wp-json\/wp\/v2\/posts\/6928\/revisions\/6931"}],"wp:featuredmedia":[{"embeddable":true,"href":"https:\/\/radarmedia.ro\/index.php\/wp-json\/wp\/v2\/media\/6930"}],"wp:attachment":[{"href":"https:\/\/radarmedia.ro\/index.php\/wp-json\/wp\/v2\/media?parent=6928"}],"wp:term":[{"taxonomy":"category","embeddable":true,"href":"https:\/\/radarmedia.ro\/index.php\/wp-json\/wp\/v2\/categories?post=6928"},{"taxonomy":"post_tag","embeddable":true,"href":"https:\/\/radarmedia.ro\/index.php\/wp-json\/wp\/v2\/tags?post=6928"}],"curies":[{"name":"wp","href":"https:\/\/api.w.org\/{rel}","templated":true}]}}