{"id":6932,"date":"2026-06-18T10:56:04","date_gmt":"2026-06-18T07:56:04","guid":{"rendered":"https:\/\/radarmedia.ro\/?p=6932"},"modified":"2026-06-18T10:56:04","modified_gmt":"2026-06-18T07:56:04","slug":"barbat-de-77-de-ani-cautat-de-politie-dupa-ce-a-disparut-de-acasa","status":"publish","type":"post","link":"https:\/\/radarmedia.ro\/index.php\/2026\/06\/18\/barbat-de-77-de-ani-cautat-de-politie-dupa-ce-a-disparut-de-acasa\/","title":{"rendered":"B\u0103rbat de 77 de ani, c\u0103utat de poli\u021bie dup\u0103 ce a disp\u0103rut de acas\u0103"},"content":{"rendered":"<div class=\"qMYqUG_convSearchResultHighlightRoot\">\n<div class=\"\" data-turn-id-container=\"request-6a33786e-919c-83ed-b692-6b32aaa10cd9-4\" data-is-intersecting=\"true\">\n<section class=\"text-token-text-primary w-full focus:outline-none has-data-writing-block:pointer-events-none [&amp;:has([data-writing-block])&gt;*]:pointer-events-auto R6Vx5W_threadScrollVars scroll-mb-[calc(var(--scroll-root-safe-area-inset-bottom,0px)+var(--thread-response-height))] scroll-mt-[calc(var(--header-height)+min(200px,max(70px,20svh)))]\" dir=\"auto\" data-turn-id=\"request-6a33786e-919c-83ed-b692-6b32aaa10cd9-4\" data-turn-id-container=\"request-6a33786e-919c-83ed-b692-6b32aaa10cd9-4\" data-testid=\"conversation-turn-16\" data-turn=\"assistant\">\n<div class=\"text-base my-auto mx-auto pb-10 [--thread-content-margin:var(--thread-content-margin-xs,calc(var(--spacing)*4))] @w-sm\/main:[--thread-content-margin:var(--thread-content-margin-sm,calc(var(--spacing)*6))] @w-lg\/main:[--thread-content-margin:var(--thread-content-margin-lg,calc(var(--spacing)*16))] px-(--thread-content-margin)\">\n<div class=\"[--thread-content-max-width:40rem] @w-lg\/main:[--thread-content-max-width:48rem] mx-auto max-w-(--thread-content-max-width) flex-1 group\/turn-messages focus-visible:outline-hidden relative flex w-full min-w-0 flex-col agent-turn\" data-conversation-screenshot-content=\"\">\n<div class=\"flex max-w-full flex-col gap-4 grow\">\n<div class=\"min-h-8 text-message relative flex w-full flex-col items-end gap-2 text-start break-words whitespace-normal outline-none keyboard-focused:focus-ring [.text-message+&amp;]:mt-1\" dir=\"auto\" tabindex=\"0\" data-message-author-role=\"assistant\" data-message-id=\"199c7141-9826-473e-b44e-9c4c8640ac49\" data-message-model-slug=\"gpt-5-5\" data-turn-start-message=\"true\">\n<div class=\"flex w-full flex-col gap-1 empty:hidden\">\n<div class=\"markdown prose dark:prose-invert wrap-break-word w-full light markdown-new-styling\">\n<p data-start=\"75\" data-end=\"224\">Poli\u021bi\u0219tii din Gorj desf\u0103\u0219oar\u0103 c\u0103ut\u0103ri pentru g\u0103sirea unui b\u0103rbat de 77 de ani din comuna D\u0103ne\u0219ti, care a plecat de la domiciliu \u0219i nu a mai revenit.\u00a0Dispari\u021bia lui Ion \u0218elaru, din satul V\u0103carea, a fost sesizat\u0103 \u00een seara zilei de 17 iunie de c\u0103tre so\u021bia acestuia. Femeia le-a spus oamenilor legii c\u0103 b\u0103rbatul a plecat de acas\u0103 \u00een jurul orei 13:30, \u00eens\u0103 p\u00e2n\u0103 la ora apelului nu mai revenise \u0219i nu a putut fi contactat.\u00a0\u00cen urma verific\u0103rilor efectuate, poli\u021bi\u0219tii au stabilit c\u0103 septuagenarul nu este cunoscut cu plec\u0103ri voluntare anterioare de la domiciliu.<\/p>\n<p data-start=\"639\" data-end=\"835\">Potrivit semnalmentelor transmise de autorit\u0103\u021bi, b\u0103rbatul are aproximativ 1,60 metri \u00een\u0103l\u021bime, c\u00e2nt\u0103re\u0219te \u00een jur de 65 de kilograme, are fa\u021ba oval\u0103, ten deschis, p\u0103r alb \u0219i scurt \u0219i ochi alba\u0219tri.\u00a0La momentul dispari\u021biei, acesta era \u00eembr\u0103cat cu o c\u0103ma\u0219\u0103 portocalie cu m\u00e2nec\u0103 lung\u0103, tricou negru, pantaloni tip jeans de culoare albastr\u0103, pantofi sport albi \u0219i purta o p\u0103l\u0103rie.<\/p>\n<p data-start=\"1017\" data-end=\"1204\">Imediat dup\u0103 primirea sesiz\u0103rii, au fost mobilizate echipe de c\u0103utare formate din poli\u021bi\u0219ti, jandarmi, pompieri \u0219i salvamonti\u0219ti. \u00cen ac\u021biunile de c\u0103utare este folosit \u0219i un c\u00e2ine de urm\u0103.\u00a0Persoanele care de\u021bin informa\u021bii ce pot ajuta la g\u0103sirea b\u0103rbatului sunt rugate s\u0103 apeleze de urgen\u021b\u0103 num\u0103rul 112 sau s\u0103 se adreseze celei mai apropiate unit\u0103\u021bi de poli\u021bie.<\/p>\n<\/div>\n<\/div>\n<\/div>\n<\/div>\n<div class=\"z-0 flex min-h-[46px] justify-start\"><\/div>\n<div class=\"mt-3 w-full empty:hidden\">\n<div class=\"text-center\"><\/div>\n<\/div>\n<\/div>\n<\/div>\n<\/section>\n<\/div>\n<\/div>\n<div class=\"pointer-events-none -mt-px h-px translate-y-[calc(var(--scroll-root-safe-area-inset-bottom)-14*var(--spacing))]\" aria-hidden=\"true\"><\/div>\n<div class=\"pointer-events-none translate-y-(--scroll-root-safe-area-inset-bottom) R6Vx5W_threadScrollVars min-h-(--gutter-remaining-height,0px) group-data-stream-active\/scroll-root:h-[calc(var(--thread-response-height)-16*var(--spacing))]\"><\/div>\n","protected":false},"excerpt":{"rendered":"<p class=\"text-justify mb-2\" >Poli\u021bi\u0219tii din Gorj desf\u0103\u0219oar\u0103 c\u0103ut\u0103ri pentru g\u0103sirea unui b\u0103rbat de 77 de ani din comuna D\u0103ne\u0219ti, care a plecat de la domiciliu \u0219i nu a mai revenit.\u00a0Dispari\u021bia lui Ion \u0218elaru, din satul V\u0103carea, a fost sesizat\u0103 \u00een seara zilei de 17 iunie de c\u0103tre so\u021bia [&hellip;]<\/p>\n","protected":false},"author":2,"featured_media":0,"comment_status":"open","ping_status":"open","sticky":false,"template":"","format":"standard","meta":{"footnotes":""},"categories":[13,4],"tags":[],"class_list":["post-6932","post","type-post","status-publish","format-standard","hentry","category-eveniment","category-ultima-ora"],"_links":{"self":[{"href":"https:\/\/radarmedia.ro\/index.php\/wp-json\/wp\/v2\/posts\/6932","targetHints":{"allow":["GET"]}}],"collection":[{"href":"https:\/\/radarmedia.ro\/index.php\/wp-json\/wp\/v2\/posts"}],"about":[{"href":"https:\/\/radarmedia.ro\/index.php\/wp-json\/wp\/v2\/types\/post"}],"author":[{"embeddable":true,"href":"https:\/\/radarmedia.ro\/index.php\/wp-json\/wp\/v2\/users\/2"}],"replies":[{"embeddable":true,"href":"https:\/\/radarmedia.ro\/index.php\/wp-json\/wp\/v2\/comments?post=6932"}],"version-history":[{"count":1,"href":"https:\/\/radarmedia.ro\/index.php\/wp-json\/wp\/v2\/posts\/6932\/revisions"}],"predecessor-version":[{"id":6934,"href":"https:\/\/radarmedia.ro\/index.php\/wp-json\/wp\/v2\/posts\/6932\/revisions\/6934"}],"wp:attachment":[{"href":"https:\/\/radarmedia.ro\/index.php\/wp-json\/wp\/v2\/media?parent=6932"}],"wp:term":[{"taxonomy":"category","embeddable":true,"href":"https:\/\/radarmedia.ro\/index.php\/wp-json\/wp\/v2\/categories?post=6932"},{"taxonomy":"post_tag","embeddable":true,"href":"https:\/\/radarmedia.ro\/index.php\/wp-json\/wp\/v2\/tags?post=6932"}],"curies":[{"name":"wp","href":"https:\/\/api.w.org\/{rel}","templated":true}]}}