{"id":6936,"date":"2026-06-18T14:11:02","date_gmt":"2026-06-18T11:11:02","guid":{"rendered":"https:\/\/radarmedia.ro\/?p=6936"},"modified":"2026-06-18T14:11:02","modified_gmt":"2026-06-18T11:11:02","slug":"elevii-din-gorj-invatati-cum-sa-evite-accidentele-la-locul-de-munca","status":"publish","type":"post","link":"https:\/\/radarmedia.ro\/index.php\/2026\/06\/18\/elevii-din-gorj-invatati-cum-sa-evite-accidentele-la-locul-de-munca\/","title":{"rendered":"Elevii din Gorj, \u00eenv\u0103\u021ba\u021bi cum s\u0103 evite accidentele la locul de munc\u0103"},"content":{"rendered":"<p class=\"isSelectedEnd\">Zeci de elevi din jude\u021bul Gorj au aflat, \u00eenainte de a intra pe pia\u021ba muncii, care sunt pericolele ce pot ap\u0103rea la locul de munc\u0103 \u0219i cum pot fi evitate. Nu mai pu\u021bin de 46 de tineri din 13 unit\u0103\u021bi de \u00eenv\u0103\u021b\u0103m\u00e2nt au participat la campania \u201eSecuritatea \u0219i s\u0103n\u0103tatea \u00een munc\u0103 se \u00eenva\u021b\u0103 \u00een \u0219coal\u0103 \u0219i se aplic\u0103 toat\u0103 via\u021ba\u201d.\u00a0Timp de mai multe luni, elevii au \u00eenv\u0103\u021bat s\u0103 recunoasc\u0103 riscurile profesionale, s\u0103 respecte regulile de protec\u021bie \u0219i s\u0103 \u00een\u021beleag\u0103 de ce siguran\u021ba trebuie s\u0103 fie pe primul loc \u00een orice meserie.<\/p>\n<p class=\"isSelectedEnd\">Campania a fost organizat\u0103 de Inspectoratul Teritorial de Munc\u0103 Gorj, \u00een parteneriat cu Inspectoratul \u0218colar Jude\u021bean Gorj, av\u00e2nd ca scop preg\u0103tirea tinerilor pentru provoc\u0103rile din c\u00e2mpul muncii.<\/p>\n","protected":false},"excerpt":{"rendered":"<p class=\"text-justify mb-2\" >Zeci de elevi din jude\u021bul Gorj au aflat, \u00eenainte de a intra pe pia\u021ba muncii, care sunt pericolele ce pot ap\u0103rea la locul de munc\u0103 \u0219i cum pot fi evitate. Nu mai pu\u021bin de 46 de tineri din 13 unit\u0103\u021bi de \u00eenv\u0103\u021b\u0103m\u00e2nt au participat la [&hellip;]<\/p>\n","protected":false},"author":2,"featured_media":6937,"comment_status":"open","ping_status":"open","sticky":false,"template":"","format":"standard","meta":{"footnotes":""},"categories":[5,4],"tags":[],"class_list":["post-6936","post","type-post","status-publish","format-standard","has-post-thumbnail","hentry","category-actualitate","category-ultima-ora"],"_links":{"self":[{"href":"https:\/\/radarmedia.ro\/index.php\/wp-json\/wp\/v2\/posts\/6936","targetHints":{"allow":["GET"]}}],"collection":[{"href":"https:\/\/radarmedia.ro\/index.php\/wp-json\/wp\/v2\/posts"}],"about":[{"href":"https:\/\/radarmedia.ro\/index.php\/wp-json\/wp\/v2\/types\/post"}],"author":[{"embeddable":true,"href":"https:\/\/radarmedia.ro\/index.php\/wp-json\/wp\/v2\/users\/2"}],"replies":[{"embeddable":true,"href":"https:\/\/radarmedia.ro\/index.php\/wp-json\/wp\/v2\/comments?post=6936"}],"version-history":[{"count":1,"href":"https:\/\/radarmedia.ro\/index.php\/wp-json\/wp\/v2\/posts\/6936\/revisions"}],"predecessor-version":[{"id":6938,"href":"https:\/\/radarmedia.ro\/index.php\/wp-json\/wp\/v2\/posts\/6936\/revisions\/6938"}],"wp:featuredmedia":[{"embeddable":true,"href":"https:\/\/radarmedia.ro\/index.php\/wp-json\/wp\/v2\/media\/6937"}],"wp:attachment":[{"href":"https:\/\/radarmedia.ro\/index.php\/wp-json\/wp\/v2\/media?parent=6936"}],"wp:term":[{"taxonomy":"category","embeddable":true,"href":"https:\/\/radarmedia.ro\/index.php\/wp-json\/wp\/v2\/categories?post=6936"},{"taxonomy":"post_tag","embeddable":true,"href":"https:\/\/radarmedia.ro\/index.php\/wp-json\/wp\/v2\/tags?post=6936"}],"curies":[{"name":"wp","href":"https:\/\/api.w.org\/{rel}","templated":true}]}}