{"id":6939,"date":"2026-06-19T08:45:22","date_gmt":"2026-06-19T05:45:22","guid":{"rendered":"https:\/\/radarmedia.ro\/?p=6939"},"modified":"2026-06-19T08:45:22","modified_gmt":"2026-06-19T05:45:22","slug":"trecutul-pus-in-lumina-la-casa-memoriala-ion-popescu-voitesti-150-de-ani-de-la-nasterea-geologului","status":"publish","type":"post","link":"https:\/\/radarmedia.ro\/index.php\/2026\/06\/19\/trecutul-pus-in-lumina-la-casa-memoriala-ion-popescu-voitesti-150-de-ani-de-la-nasterea-geologului\/","title":{"rendered":"Trecutul, pus \u00een lumin\u0103 la Casa Memorial\u0103 \u201eIon Popescu-Voite\u0219ti\u201d. 150 de ani de la na\u0219terea geologului"},"content":{"rendered":"<p data-start=\"174\" data-end=\"544\">Casa Memorial\u0103 \u201eIon Popescu-Voite\u0219ti\u201d, din comuna B\u0103l\u0103ne\u0219ti, a g\u0103zduit joi seara un eveniment cultural, dedicat \u00eemplinirii a 150 de ani de la na\u0219terea savantului gorjean Ion Popescu-Voite\u0219ti, reunind expozi\u021bii, activit\u0103\u021bi educative \u0219i un concert de muzic\u0103 de camer\u0103 \u00een cadrul programului \u201eSeri la Vila Luna\u201d. Luna era numele de alint al so\u021biei geologului, Elena.<\/p>\n<p data-start=\"546\" data-end=\"1006\">Curtea casei a fost decorat\u0103 cu fotografii de epoc\u0103, expozi\u021bia fiind realizat\u0103 pe baza unor fotografii din arhiva familiei Popescu-Voite\u0219ti \u0219i a unor imagini care surprind via\u021ba comunit\u0103\u021bii din B\u0103l\u0103ne\u0219ti, de la \u00eenceputul secolului trecut. Micii participan\u021bi au luat parte la ateliere de carte organizate de Biblioteca Jude\u021bean\u0103 \u201eChristian Tell\u201d Gorj.<\/p>\n<p data-start=\"1289\" data-end=\"1607\">De asemeni, casa \u00een care a copil\u0103rit \u0219i \u00een care a tr\u0103it ultima parte a vie\u021bii geologul, a fost deschis\u0103 pentru vizitarea expozi\u021biei permanente din cadrul casei memoriale, unde sunt expuse obiecte personale, documente \u0219i colec\u021bii care ilustreaz\u0103 activitatea \u0219tiin\u021bific\u0103 a academicianului Ion Popescu-Voite\u0219ti, una dintre personalit\u0103\u021bile marcante ale geologiei rom\u00e2ne\u0219ti.<\/p>\n<p data-start=\"1609\" data-end=\"1955\">Momentul artistic al serii a fost sus\u021binut de forma\u021bia \u201eLyra Gorjului\u201d, care a oferit publicului un concert cameral romantic \u00een curtea fostei re\u0219edin\u021be a academicianului. \u201dVila Luna\u201d, denumit\u0103 dup\u0103 alintul dat de Ion Popescu-Voite\u0219ti so\u021biei sale, a fost reabilitat\u0103 \u0219i inclus\u0103 \u00een circuitul turistic al jude\u021bului Gorj.<\/p>\n<p data-start=\"1609\" data-end=\"1955\">Evenimentul a fost organizat de Consiliul Jude\u021bean Gorj \u0219i Amsamblul Profesionist Doina Gorjului \u0219i face parte din seria de manifest\u0103ri dedicate promov\u0103rii patrimoniului cultural local.<\/p>\n<p data-start=\"1957\" data-end=\"2209\" data-is-last-node=\"\" data-is-only-node=\"\">Ion Popescu-Voite\u0219ti (1876\u20131944) a fost una dintre cele mai importante personalit\u0103\u021bi ale geologiei rom\u00e2ne\u0219ti \u0219i un savant recunoscut pe plan interna\u021bional, care \u0219i-a dedicat \u00eentreaga via\u021b\u0103 cercet\u0103rii structurii geologice a Rom\u00e2niei. M\u00e2ndru de locurile natale, \u0219i-a ad\u0103ugat la nume denumirea satului Voite\u0219ti, transform\u00e2nd-o \u00eentr-un simbol al leg\u0103turii cu Gorjul. Format la Universitatea din Bucure\u0219ti \u0219i specializat la Viena \u0219i Paris, \u0219i-a ob\u021binut doctoratul la Sorbona, devenind unul dintre cei mai aprecia\u021bi speciali\u0219ti europeni \u00een studiul Carpa\u021bilor. \u00cen timpul Primului R\u0103zboi Mondial a contribuit la identificarea unor noi resurse de sare \u0219i petrol, esen\u021biale pentru efortul de r\u0103zboi al Rom\u00e2niei. Director al Institutului Geologic al Rom\u00e2niei, fondator al Academiei de \u0218tiin\u021be \u0219i participant la peste 140 de congrese interna\u021bionale, Popescu-Voite\u0219ti a promovat cercetarea rom\u00e2neasc\u0103 \u00een marile centre academice ale lumii. Ultimii ani ai vie\u021bii i-a petrecut la B\u0103l\u0103ne\u0219ti, \u00een casa construit\u0103 dup\u0103 propriile indica\u021bii, unde a continuat s\u0103 studieze \u0219i s\u0103 lucreze p\u00e2n\u0103 \u00een ultima zi, l\u0103s\u00e2nd mo\u0219tenire o valoroas\u0103 colec\u021bie paleontologic\u0103 \u0219i mineralogic\u0103, p\u0103strat\u0103 ast\u0103zi \u00een casa memorial\u0103 care \u00eei poart\u0103 numele.<\/p>\n","protected":false},"excerpt":{"rendered":"<p class=\"text-justify mb-2\" >Casa Memorial\u0103 \u201eIon Popescu-Voite\u0219ti\u201d, din comuna B\u0103l\u0103ne\u0219ti, a g\u0103zduit joi seara un eveniment cultural, dedicat \u00eemplinirii a 150 de ani de la na\u0219terea savantului gorjean Ion Popescu-Voite\u0219ti, reunind expozi\u021bii, activit\u0103\u021bi educative \u0219i un concert de muzic\u0103 de camer\u0103 \u00een cadrul programului \u201eSeri la Vila Luna\u201d. [&hellip;]<\/p>\n","protected":false},"author":2,"featured_media":6942,"comment_status":"open","ping_status":"open","sticky":false,"template":"","format":"standard","meta":{"footnotes":""},"categories":[5,2,4],"tags":[],"class_list":["post-6939","post","type-post","status-publish","format-standard","has-post-thumbnail","hentry","category-actualitate","category-featured","category-ultima-ora"],"_links":{"self":[{"href":"https:\/\/radarmedia.ro\/index.php\/wp-json\/wp\/v2\/posts\/6939","targetHints":{"allow":["GET"]}}],"collection":[{"href":"https:\/\/radarmedia.ro\/index.php\/wp-json\/wp\/v2\/posts"}],"about":[{"href":"https:\/\/radarmedia.ro\/index.php\/wp-json\/wp\/v2\/types\/post"}],"author":[{"embeddable":true,"href":"https:\/\/radarmedia.ro\/index.php\/wp-json\/wp\/v2\/users\/2"}],"replies":[{"embeddable":true,"href":"https:\/\/radarmedia.ro\/index.php\/wp-json\/wp\/v2\/comments?post=6939"}],"version-history":[{"count":2,"href":"https:\/\/radarmedia.ro\/index.php\/wp-json\/wp\/v2\/posts\/6939\/revisions"}],"predecessor-version":[{"id":6941,"href":"https:\/\/radarmedia.ro\/index.php\/wp-json\/wp\/v2\/posts\/6939\/revisions\/6941"}],"wp:featuredmedia":[{"embeddable":true,"href":"https:\/\/radarmedia.ro\/index.php\/wp-json\/wp\/v2\/media\/6942"}],"wp:attachment":[{"href":"https:\/\/radarmedia.ro\/index.php\/wp-json\/wp\/v2\/media?parent=6939"}],"wp:term":[{"taxonomy":"category","embeddable":true,"href":"https:\/\/radarmedia.ro\/index.php\/wp-json\/wp\/v2\/categories?post=6939"},{"taxonomy":"post_tag","embeddable":true,"href":"https:\/\/radarmedia.ro\/index.php\/wp-json\/wp\/v2\/tags?post=6939"}],"curies":[{"name":"wp","href":"https:\/\/api.w.org\/{rel}","templated":true}]}}