{"id":6943,"date":"2026-06-19T12:45:43","date_gmt":"2026-06-19T09:45:43","guid":{"rendered":"https:\/\/radarmedia.ro\/?p=6943"},"modified":"2026-06-19T12:47:46","modified_gmt":"2026-06-19T09:47:46","slug":"noua-alunecare-de-teren-la-pinoasa-utilaje-impinse-in-taluz","status":"publish","type":"post","link":"https:\/\/radarmedia.ro\/index.php\/2026\/06\/19\/noua-alunecare-de-teren-la-pinoasa-utilaje-impinse-in-taluz\/","title":{"rendered":"Nou\u0103 alunecare de teren la Pinoasa. Utilaje \u00eempinse \u00een taluz"},"content":{"rendered":"<div class=\"flex h-svh w-screen flex-col\">\n<div class=\"relative z-0 flex min-h-0 w-full flex-1\">\n<div class=\"relative flex min-h-0 w-full min-w-0 flex-1\">\n<div class=\"@container\/main relative flex min-w-0 flex-1 flex-col -translate-y-[calc(env(safe-area-inset-bottom,0px)\/2)] pt-[calc(env(safe-area-inset-bottom,0px)\/2)]\">\n<div class=\"@w-sm\/main:[scrollbar-gutter:var(--stage-scroll-gutter)] touch:[scrollbar-width:none] group\/scroll-root relative flex min-h-0 min-w-0 flex-1 flex-col [scrollbar-gutter:stable] not-print:overflow-x-clip not-print:overflow-y-auto group-data-stream-active\/scroll-root:[overflow-anchor:none] not-print:data-expanded-composer:overflow-y-hidden! scroll-pt-(--header-height) [--sticky-padding-top:var(--header-height)] [--sticky-padding-bottom:0px] [--scroll-root-safe-area-inset-top:calc(var(--sticky-padding-top)+env(safe-area-inset-top,0px))] [--scroll-root-safe-area-inset-bottom:calc(var(--sticky-padding-bottom)+var(--screen-keyboard-height,0px)+env(safe-area-inset-bottom,0px))] [--scroll-root-safe-area-height:calc(100lvh-var(--scroll-root-safe-area-inset-top)-var(--scroll-root-safe-area-inset-bottom))] has-data-[fixed-header=less-than-md]:md:scroll-pt-0 has-data-[fixed-header=less-than-md]:md:[--sticky-padding-top:0px] has-data-[fixed-header=less-than-xl]:@w-xl\/main:scroll-pt-0 has-data-[fixed-header=less-than-xl]:@w-xl\/main:[--sticky-padding-top:0px] has-data-[fixed-header=less-than-xxl]:@w-2xl\/main:scroll-pt-0 has-data-[fixed-header=less-than-xxl]:@w-2xl\/main:[--sticky-padding-top:0px]\" data-scroll-root=\"\" data-scroll-from-top=\"\" data-scroll-from-end=\"\">\n<div class=\"contents\">\n<p>O nou\u0103 alunecare de teren s-a produs, joi seara, \u00een sectorul Pinoasa al unei cariere miniere din cadrul Complexului Energetic Oltenia, \u00een aceea\u0219i zon\u0103 \u00een care, anul trecut, a avut loc un fenomen similar.<\/p>\n<div id=\"thread\" class=\"group\/thread flex flex-col min-h-full\">\n<div class=\"composer-parent flex flex-1 flex-col focus-visible:outline-0\" role=\"presentation\">\n<div class=\"relative basis-auto flex-col -mb-(--composer-overlap-px) pb-(--composer-overlap-px) [--composer-overlap-px:28px] grow flex\" data-voice-floating-orb-focus-background=\"\">\n<div class=\"flex flex-col text-sm\">\n<div class=\"qMYqUG_convSearchResultHighlightRoot\">\n<div class=\"\" data-turn-id-container=\"request-WEB:84fd1f05-1428-4c9b-bd21-fdc02c7accb1-3\" data-is-intersecting=\"true\">\n<section class=\"text-token-text-primary w-full focus:outline-none has-data-writing-block:pointer-events-none [&amp;:has([data-writing-block])&gt;*]:pointer-events-auto R6Vx5W_threadScrollVars scroll-mb-[calc(var(--scroll-root-safe-area-inset-bottom,0px)+var(--thread-response-height))] scroll-mt-[calc(var(--header-height)+min(200px,max(70px,20svh)))]\" dir=\"auto\" data-turn-id=\"request-WEB:84fd1f05-1428-4c9b-bd21-fdc02c7accb1-3\" data-turn-id-container=\"request-WEB:84fd1f05-1428-4c9b-bd21-fdc02c7accb1-3\" data-testid=\"conversation-turn-8\" data-turn=\"assistant\">\n<div class=\"text-base my-auto mx-auto pb-10 [--thread-content-margin:var(--thread-content-margin-xs,calc(var(--spacing)*4))] @w-sm\/main:[--thread-content-margin:var(--thread-content-margin-sm,calc(var(--spacing)*6))] @w-lg\/main:[--thread-content-margin:var(--thread-content-margin-lg,calc(var(--spacing)*16))] px-(--thread-content-margin)\">\n<div class=\"[--thread-content-max-width:40rem] @w-lg\/main:[--thread-content-max-width:48rem] mx-auto max-w-(--thread-content-max-width) flex-1 group\/turn-messages focus-visible:outline-hidden relative flex w-full min-w-0 flex-col agent-turn\" data-conversation-screenshot-content=\"\">\n<div class=\"flex max-w-full flex-col gap-4 grow\">\n<div class=\"min-h-8 text-message relative flex w-full flex-col items-end gap-2 text-start break-words whitespace-normal outline-none keyboard-focused:focus-ring [.text-message+&amp;]:mt-1\" dir=\"auto\" tabindex=\"0\" data-message-author-role=\"assistant\" data-message-id=\"c12ccf8e-2b76-44ce-9980-6c9f3785c23c\" data-message-model-slug=\"gpt-5-5\" data-turn-start-message=\"true\">\n<div class=\"flex w-full flex-col gap-1 empty:hidden\">\n<div class=\"markdown prose dark:prose-invert wrap-break-word w-full light markdown-new-styling\">\n<p data-start=\"327\" data-end=\"601\">Potrivit reprezentan\u021bilor companiei, incidentul a fost \u00eenregistrat \u00een jurul orei 18:00, c\u00e2nd procesul de instabilitate a terenului manifestat pentru prima dat\u0103 \u00een 2024 s-a reactivat. Estim\u0103rile preliminare indic\u0103 deplasarea a aproximativ un milion de metri cubi de material.\u00a0Masa de teren a avansat spre amplasamentele unor utilaje miniere afectate \u0219i la precedenta alunecare. Materialul dislocat a p\u0103truns \u00een zona excavatorului 11 \u0219i a instala\u021biei de haldare aferente, determin\u00e2nd deplasarea \u0219i blocarea utilajului pe taluzul lateral.<\/p>\n<p data-start=\"865\" data-end=\"1092\">Reprezentan\u021bii Complexului Energetic Oltenia au precizat c\u0103 echipamentele respective nu mai erau utilizate \u00een activitatea de produc\u021bie, fiind scoase din exploatare \u00eenc\u0103 din 2024, dup\u0103 primul episod de instabilitate a terenului.\u00a0Din fericire, nu au fost \u00eenregistrate victime sau persoane r\u0103nite, \u00eentruc\u00e2t la momentul producerii alunec\u0103rii nu se afla personal operativ \u00een zona afectat\u0103.\u00a0Conducerea companiei a dispus monitorizarea permanent\u0103 a perimetrului \u0219i realizarea unor expertize tehnice pentru a determina evolu\u021bia fenomenului \u0219i eventualele efecte asupra activit\u0103\u021bii miniere.<\/p>\n<\/div>\n<\/div>\n<\/div>\n<\/div>\n<\/div>\n<\/div>\n<\/section>\n<\/div>\n<\/div>\n<\/div>\n<\/div>\n<\/div>\n<\/div>\n<p>&nbsp;<\/p>\n<\/div>\n<\/div>\n<\/div>\n<\/div>\n<\/div>\n<\/div>\n","protected":false},"excerpt":{"rendered":"<p class=\"text-justify mb-2\" >O nou\u0103 alunecare de teren s-a produs, joi seara, \u00een sectorul Pinoasa al unei cariere miniere din cadrul Complexului Energetic Oltenia, \u00een aceea\u0219i zon\u0103 \u00een care, anul trecut, a avut loc un fenomen similar. Potrivit reprezentan\u021bilor companiei, incidentul a fost \u00eenregistrat \u00een jurul orei 18:00, [&hellip;]<\/p>\n","protected":false},"author":2,"featured_media":6034,"comment_status":"open","ping_status":"open","sticky":false,"template":"","format":"standard","meta":{"footnotes":""},"categories":[5,4],"tags":[],"class_list":["post-6943","post","type-post","status-publish","format-standard","has-post-thumbnail","hentry","category-actualitate","category-ultima-ora"],"_links":{"self":[{"href":"https:\/\/radarmedia.ro\/index.php\/wp-json\/wp\/v2\/posts\/6943","targetHints":{"allow":["GET"]}}],"collection":[{"href":"https:\/\/radarmedia.ro\/index.php\/wp-json\/wp\/v2\/posts"}],"about":[{"href":"https:\/\/radarmedia.ro\/index.php\/wp-json\/wp\/v2\/types\/post"}],"author":[{"embeddable":true,"href":"https:\/\/radarmedia.ro\/index.php\/wp-json\/wp\/v2\/users\/2"}],"replies":[{"embeddable":true,"href":"https:\/\/radarmedia.ro\/index.php\/wp-json\/wp\/v2\/comments?post=6943"}],"version-history":[{"count":2,"href":"https:\/\/radarmedia.ro\/index.php\/wp-json\/wp\/v2\/posts\/6943\/revisions"}],"predecessor-version":[{"id":6945,"href":"https:\/\/radarmedia.ro\/index.php\/wp-json\/wp\/v2\/posts\/6943\/revisions\/6945"}],"wp:featuredmedia":[{"embeddable":true,"href":"https:\/\/radarmedia.ro\/index.php\/wp-json\/wp\/v2\/media\/6034"}],"wp:attachment":[{"href":"https:\/\/radarmedia.ro\/index.php\/wp-json\/wp\/v2\/media?parent=6943"}],"wp:term":[{"taxonomy":"category","embeddable":true,"href":"https:\/\/radarmedia.ro\/index.php\/wp-json\/wp\/v2\/categories?post=6943"},{"taxonomy":"post_tag","embeddable":true,"href":"https:\/\/radarmedia.ro\/index.php\/wp-json\/wp\/v2\/tags?post=6943"}],"curies":[{"name":"wp","href":"https:\/\/api.w.org\/{rel}","templated":true}]}}