{"id":6952,"date":"2026-06-24T16:13:24","date_gmt":"2026-06-24T13:13:24","guid":{"rendered":"https:\/\/radarmedia.ro\/?p=6952"},"modified":"2026-06-24T16:13:24","modified_gmt":"2026-06-24T13:13:24","slug":"ion-iordache-lasat-fara-sefia-pnl-gorj-inlocuit-cu-ioan-sirbu","status":"publish","type":"post","link":"https:\/\/radarmedia.ro\/index.php\/2026\/06\/24\/ion-iordache-lasat-fara-sefia-pnl-gorj-inlocuit-cu-ioan-sirbu\/","title":{"rendered":"Ion Iordache, l\u0103sat f\u0103r\u0103 \u0219efia PNL Gorj. \u00cenlocuit cu Ioan S\u00eerbu"},"content":{"rendered":"<p><span style=\"font-family: Times New Roman, serif;\"><span style=\"font-size: large;\">Conducerea central\u0103 a Partidului Na\u021bional Liberal a decis schimbarea lui Ion Iordache de la conducerea organiza\u021biei jude\u021bene Gorj, \u00een urma tensiunilor generate de sus\u021binerea pentru Adrian Ve\u0219tea. Interimatul la conducerea filialei va fi asigurat de generalul Ioan S\u00eerbu. Decizia a fost luat\u0103 dup\u0103 ce Ion Iordache \u0219i-a exprimat sus\u021binerea pentru formula guvernamental\u0103 coordonat\u0103 de Adrian Ve\u0219tea, pozi\u021bie care a intrat \u00een contradic\u021bie cu linia stabilit\u0103 de conducerea na\u021bional\u0103 a partidului. <\/span><\/span><\/p>\n<p><span style=\"color: #181818;\"><span style=\"font-family: Times New Roman, serif;\"><span style=\"font-size: large;\">Biroul Permanent Na\u0163ional al PNL a luat, mar\u021bi sear\u0103, decizia de a nu prelungi mandatele de conducere pentru 12 filiale, printre care \u0219i cea condus\u0103 de Iordache.<\/span><\/span><\/span><\/p>\n","protected":false},"excerpt":{"rendered":"<p class=\"text-justify mb-2\" >Conducerea central\u0103 a Partidului Na\u021bional Liberal a decis schimbarea lui Ion Iordache de la conducerea organiza\u021biei jude\u021bene Gorj, \u00een urma tensiunilor generate de sus\u021binerea pentru Adrian Ve\u0219tea. Interimatul la conducerea filialei va fi asigurat de generalul Ioan S\u00eerbu. Decizia a fost luat\u0103 dup\u0103 ce Ion [&hellip;]<\/p>\n","protected":false},"author":2,"featured_media":6953,"comment_status":"open","ping_status":"open","sticky":false,"template":"","format":"standard","meta":{"footnotes":""},"categories":[3,4],"tags":[],"class_list":["post-6952","post","type-post","status-publish","format-standard","has-post-thumbnail","hentry","category-politic","category-ultima-ora"],"_links":{"self":[{"href":"https:\/\/radarmedia.ro\/index.php\/wp-json\/wp\/v2\/posts\/6952","targetHints":{"allow":["GET"]}}],"collection":[{"href":"https:\/\/radarmedia.ro\/index.php\/wp-json\/wp\/v2\/posts"}],"about":[{"href":"https:\/\/radarmedia.ro\/index.php\/wp-json\/wp\/v2\/types\/post"}],"author":[{"embeddable":true,"href":"https:\/\/radarmedia.ro\/index.php\/wp-json\/wp\/v2\/users\/2"}],"replies":[{"embeddable":true,"href":"https:\/\/radarmedia.ro\/index.php\/wp-json\/wp\/v2\/comments?post=6952"}],"version-history":[{"count":1,"href":"https:\/\/radarmedia.ro\/index.php\/wp-json\/wp\/v2\/posts\/6952\/revisions"}],"predecessor-version":[{"id":6954,"href":"https:\/\/radarmedia.ro\/index.php\/wp-json\/wp\/v2\/posts\/6952\/revisions\/6954"}],"wp:featuredmedia":[{"embeddable":true,"href":"https:\/\/radarmedia.ro\/index.php\/wp-json\/wp\/v2\/media\/6953"}],"wp:attachment":[{"href":"https:\/\/radarmedia.ro\/index.php\/wp-json\/wp\/v2\/media?parent=6952"}],"wp:term":[{"taxonomy":"category","embeddable":true,"href":"https:\/\/radarmedia.ro\/index.php\/wp-json\/wp\/v2\/categories?post=6952"},{"taxonomy":"post_tag","embeddable":true,"href":"https:\/\/radarmedia.ro\/index.php\/wp-json\/wp\/v2\/tags?post=6952"}],"curies":[{"name":"wp","href":"https:\/\/api.w.org\/{rel}","templated":true}]}}