{"id":6957,"date":"2026-06-25T16:45:36","date_gmt":"2026-06-25T13:45:36","guid":{"rendered":"https:\/\/radarmedia.ro\/?p=6957"},"modified":"2026-06-25T16:45:36","modified_gmt":"2026-06-25T13:45:36","slug":"primarul-tismanei-retinut-24-de-ore","status":"publish","type":"post","link":"https:\/\/radarmedia.ro\/index.php\/2026\/06\/25\/primarul-tismanei-retinut-24-de-ore\/","title":{"rendered":"Primarul Tismanei, re\u021binut 24 de ore"},"content":{"rendered":"<p><span style=\"color: #000000;\"><span style=\"font-family: Roboto, sans-serif;\"><span style=\"font-size: medium;\"><span lang=\"ro-RO\">Primarul ora\u0219ului Tismana, Petre Remetea, a fost re\u021binut pentru 24 de ore \u00een urma unei ac\u021biuni desf\u0103\u0219urate de anchetatori \u00een cursul zilei de ast\u0103zi.<\/span><\/span><\/span><\/span>Edilul a fost ridicat de poli\u021bi\u0219ti \u00een baza unui mandat \u0219i condus la audieri la sediul Poli\u021biei Municipiului T\u00e2rgu Jiu. \u00cen acela\u0219i dosar, \u0219i alte persoane au fost aduse pentru a da declara\u021bii \u00een fa\u021ba anchetatorilor.\u00a0Audierile au durat mai multe ore, iar la finalul acestora oamenii legii au dispus m\u0103sura re\u021binerii pentru 24 de ore pe numele primarului din Tismana.<\/p>\n<p>Petre Remetea a fost ulterior transferat \u00een Centrul de Re\u021binere \u0219i Arestare Preventiv\u0103 din cadrul Inspectoratului de Poli\u021bie Jude\u021bean Gorj. Ancheta este \u00een desf\u0103\u0219urare, urm\u00e2nd ca procurorii s\u0103 stabileasc\u0103 ce m\u0103suri vor fi luate \u00een continuare \u00een acest caz.<\/p>\n","protected":false},"excerpt":{"rendered":"<p class=\"text-justify mb-2\" >Primarul ora\u0219ului Tismana, Petre Remetea, a fost re\u021binut pentru 24 de ore \u00een urma unei ac\u021biuni desf\u0103\u0219urate de anchetatori \u00een cursul zilei de ast\u0103zi.Edilul a fost ridicat de poli\u021bi\u0219ti \u00een baza unui mandat \u0219i condus la audieri la sediul Poli\u021biei Municipiului T\u00e2rgu Jiu. \u00cen acela\u0219i [&hellip;]<\/p>\n","protected":false},"author":2,"featured_media":6958,"comment_status":"open","ping_status":"open","sticky":false,"template":"","format":"standard","meta":{"footnotes":""},"categories":[13,4],"tags":[],"class_list":["post-6957","post","type-post","status-publish","format-standard","has-post-thumbnail","hentry","category-eveniment","category-ultima-ora"],"_links":{"self":[{"href":"https:\/\/radarmedia.ro\/index.php\/wp-json\/wp\/v2\/posts\/6957","targetHints":{"allow":["GET"]}}],"collection":[{"href":"https:\/\/radarmedia.ro\/index.php\/wp-json\/wp\/v2\/posts"}],"about":[{"href":"https:\/\/radarmedia.ro\/index.php\/wp-json\/wp\/v2\/types\/post"}],"author":[{"embeddable":true,"href":"https:\/\/radarmedia.ro\/index.php\/wp-json\/wp\/v2\/users\/2"}],"replies":[{"embeddable":true,"href":"https:\/\/radarmedia.ro\/index.php\/wp-json\/wp\/v2\/comments?post=6957"}],"version-history":[{"count":1,"href":"https:\/\/radarmedia.ro\/index.php\/wp-json\/wp\/v2\/posts\/6957\/revisions"}],"predecessor-version":[{"id":6959,"href":"https:\/\/radarmedia.ro\/index.php\/wp-json\/wp\/v2\/posts\/6957\/revisions\/6959"}],"wp:featuredmedia":[{"embeddable":true,"href":"https:\/\/radarmedia.ro\/index.php\/wp-json\/wp\/v2\/media\/6958"}],"wp:attachment":[{"href":"https:\/\/radarmedia.ro\/index.php\/wp-json\/wp\/v2\/media?parent=6957"}],"wp:term":[{"taxonomy":"category","embeddable":true,"href":"https:\/\/radarmedia.ro\/index.php\/wp-json\/wp\/v2\/categories?post=6957"},{"taxonomy":"post_tag","embeddable":true,"href":"https:\/\/radarmedia.ro\/index.php\/wp-json\/wp\/v2\/tags?post=6957"}],"curies":[{"name":"wp","href":"https:\/\/api.w.org\/{rel}","templated":true}]}}